{"id":4282,"date":"2025-12-18T18:26:39","date_gmt":"2025-12-18T18:26:39","guid":{"rendered":"https:\/\/www.oirparavivir.com\/non-classifiee\/detection-precoce-de-la-perte-auditive-neonatale\/"},"modified":"2026-01-24T22:37:15","modified_gmt":"2026-01-24T22:37:15","slug":"detection-precoce-de-la-perte-auditive-neonatale","status":"publish","type":"post","link":"https:\/\/www.oirparavivir.com\/fr\/presse\/detection-precoce-de-la-perte-auditive-neonatale\/","title":{"rendered":"D\u00e9tection pr\u00e9coce de la perte auditive n\u00e9onatale"},"content":{"rendered":"<p>[et_pb_section fb_built=\u00a0\u00bb1&Prime; theme_builder_area=\u00a0\u00bbpost_content\u00a0\u00bb _builder_version=\u00a0\u00bb4.27.5&Prime; _module_preset=\u00a0\u00bbdefault\u00a0\u00bb][et_pb_row _builder_version=\u00a0\u00bb4.27.5&Prime; _module_preset=\u00a0\u00bbdefault\u00a0\u00bb theme_builder_area=\u00a0\u00bbpost_content\u00a0\u00bb][et_pb_column _builder_version=\u00a0\u00bb4.27.5&Prime; _module_preset=\u00a0\u00bbdefault\u00a0\u00bb type=\u00a0\u00bb4_4&Prime; theme_builder_area=\u00a0\u00bbpost_content\u00a0\u00bb][et_pb_text _builder_version=\u00a0\u00bb4.27.5&Prime; _module_preset=\u00a0\u00bbdefault\u00a0\u00bb theme_builder_area=\u00a0\u00bbpost_content\u00a0\u00bb hover_enabled=\u00a0\u00bb0&Prime; sticky_enabled=\u00a0\u00bb0&Prime; global_colors_info=\u00a0\u00bb{%22gcid-heading-color%22:%91%22text_text_color%22%93}\u00a0\u00bb text_text_color=\u00a0\u00bbgcid-heading-color\u00a0\u00bb text_font=\u00a0\u00bb||||||||\u00a0\u00bb header_3_font=\u00a0\u00bb&#8211;et_global_heading_font||||||||\u00a0\u00bb inline_fonts=\u00a0\u00bbABeeZee\u00a0\u00bb]<\/p>\n<h3 data-path-to-node=\"3\">L&rsquo;audition : Un cadeau de la vie<\/h3>\n<p data-path-to-node=\"4\">L&rsquo;ou\u00efe est l&rsquo;un des sens les plus importants pour le d\u00e9veloppement int\u00e9gral de l&rsquo;enfant. Elle permet aux enfants de percevoir le monde qui les entoure et d&rsquo;y r\u00e9agir, ce qui la rend vitale pour l&rsquo;apprentissage, les relations sociales et l&rsquo;acquisition du langage. <\/p>\n<p data-path-to-node=\"5\">Malheureusement, la perte d&rsquo;audition<b data-path-to-node=\"5\" data-index-in-node=\"29\">(hypoacousie<\/b>) est tr\u00e8s r\u00e9pandue : <b data-path-to-node=\"5\" data-index-in-node=\"56\">5 nouveau-n\u00e9s vivants sur 1 000 en sont<\/b> atteints. Lorsqu&rsquo;elle est d\u00e9tect\u00e9e tardivement, elle entra\u00eene de graves difficult\u00e9s dans l&rsquo;apprentissage du langage, des probl\u00e8mes de communication et un impact n\u00e9gatif sur le d\u00e9veloppement cognitif. <\/p>\n<h3>Pourquoi la d\u00e9tection pr\u00e9coce est-elle cruciale ?<\/h3>\n<p data-path-to-node=\"7\">L&rsquo;\u00e9tablissement de la fonction auditive et de la communication a lieu au cours des deux premi\u00e8res ann\u00e9es de la vie. Le diagnostic et le traitement doivent donc commencer tr\u00e8s t\u00f4t. <\/p>\n<ul data-path-to-node=\"8\">\n<li>\n<p data-path-to-node=\"8,0,0\"><b data-path-to-node=\"8,0,0\" data-index-in-node=\"0\">Objectif :<\/b> D\u00e9tecter la perte auditive id\u00e9alement <b data-path-to-node=\"8,0,0\" data-index-in-node=\"38\">avant l&rsquo; \u00e2ge de 3 mois<\/b> et initier une intervention <b data-path-to-node=\"8,0,0\" data-index-in-node=\"87\">avant l&rsquo;\u00e2ge de 6 mois<\/b>.<\/p>\n<\/li>\n<li>\n<p data-path-to-node=\"8,1,0\"><b data-path-to-node=\"8,1,0\" data-index-in-node=\"0\">Avantage :<\/b> un diagnostic pr\u00e9coce tire parti de la <b data-path-to-node=\"8,1,0\" data-index-in-node=\"59\">neuroplasticit\u00e9<\/b> du b\u00e9b\u00e9, ce qui augmente le nombre d&rsquo;enfants qui parviennent \u00e0 d\u00e9velopper un langage normal, am\u00e9liorant ainsi leurs perspectives d&rsquo;avenir et leur int\u00e9gration sociale.<\/p>\n<\/li>\n<\/ul>\n<h3>En quoi consiste le test de d\u00e9pistage ?<\/h3>\n<p data-path-to-node=\"10\">Le d\u00e9pistage audiologique n\u00e9onatal est la premi\u00e8re \u00e9tape pour d\u00e9tecter la surdit\u00e9 \u00e0 temps. Cet examen doit \u00eatre effectu\u00e9 dans le service de maternit\u00e9 ou de n\u00e9onatologie avant la sortie de l&rsquo;h\u00f4pital. <\/p>\n<ul data-path-to-node=\"11\">\n<li>\n<p data-path-to-node=\"11,0,0\"><b data-path-to-node=\"11,0,0\" data-index-in-node=\"0\">Sans danger :<\/b> Il est totalement indolore et inoffensif pour le b\u00e9b\u00e9.<\/p>\n<\/li>\n<li>\n<p data-path-to-node=\"11,1,0\"><b data-path-to-node=\"11,1,0\" data-index-in-node=\"0\">Simple :<\/b> Elle ne n\u00e9cessite ni pr\u00e9m\u00e9dication ni anesth\u00e9sie.<\/p>\n<\/li>\n<li>\n<p data-path-to-node=\"11,2,0\"><b data-path-to-node=\"11,2,0\" data-index-in-node=\"0\">Le moment :<\/b> Il est pratiqu\u00e9 pendant que l&rsquo;enfant est calme ou endormi.<\/p>\n<\/li>\n<\/ul>\n<h4 data-path-to-node=\"12\">Techniques utilis\u00e9es<\/h4>\n<h4 data-path-to-node=\"12\"><b data-path-to-node=\"13,0,0\" data-index-in-node=\"0\" style=\"font-size: 14px; font-family: Montserrat, Helvetica, Arial, Lucida, sans-serif;\">\u00c9missions otoacoustiques (OAE) :<\/b><span style=\"font-size: 14px; font-family: Montserrat, Helvetica, Arial, Lucida, sans-serif;\"> Une petite sonde est plac\u00e9e dans le conduit auditif et \u00e9met des sons tr\u00e8s brefs et de faible intensit\u00e9. Ce test fournit des informations sur le fonctionnement du  <\/span><b data-path-to-node=\"13,0,0\" data-index-in-node=\"172\" style=\"font-size: 14px; font-family: Montserrat, Helvetica, Arial, Lucida, sans-serif;\">cochl\u00e9e<\/b><span style=\"font-size: 14px; font-family: Montserrat, Helvetica, Arial, Lucida, sans-serif;\">.<\/span><\/h4>\n<h4 data-path-to-node=\"12\"><b data-path-to-node=\"13,1,0\" data-index-in-node=\"0\" style=\"font-size: 14px; font-family: Montserrat, Helvetica, Arial, Lucida, sans-serif;\">R\u00e9ponse auditive automatis\u00e9e du tronc c\u00e9r\u00e9bral (RAPC) :<\/b><span style=\"font-size: 14px; font-family: Montserrat, Helvetica, Arial, Lucida, sans-serif;\"> Des \u00e9couteurs et des \u00e9lectrodes sont plac\u00e9s sur les oreilles ou la t\u00eate du b\u00e9b\u00e9 pour mesurer l&rsquo;activit\u00e9 \u00e9lectrique du cerveau en r\u00e9ponse aux sons.<\/span><\/h4>\n<h3 data-path-to-node=\"15\"><\/h3>\n<h3 data-path-to-node=\"15\">Que se passe-t-il si le b\u00e9b\u00e9 ne passe pas le test ?<\/h3>\n<p data-path-to-node=\"16\">Si le b\u00e9b\u00e9 ne passe pas, <b data-path-to-node=\"16\" data-index-in-node=\"27\">cela ne signifie pas n\u00e9cessairement qu&rsquo;il est sourd.<\/b> Le r\u00e9sultat peut \u00eatre influenc\u00e9 par le bruit ambiant ou la pr\u00e9sence de d\u00e9bris de naissance ou de mucus dans l&rsquo;oreille moyenne.<\/p>\n<ul data-path-to-node=\"17\">\n<li>\n<p data-path-to-node=\"17,0,0\"><b data-path-to-node=\"17,0,0\" data-index-in-node=\"0\">\u00c9tape 1 :<\/b> Un nouveau rendez-vous sera fix\u00e9 pour r\u00e9p\u00e9ter le d\u00e9pistage au cours du premier mois de vie.<\/p>\n<\/li>\n<li>\n<p data-path-to-node=\"17,1,0\"><b data-path-to-node=\"17,1,0\" data-index-in-node=\"0\">\u00c9tape 2 :<\/b> Si le b\u00e9b\u00e9 ne r\u00e9ussit pas le deuxi\u00e8me test, il sera adress\u00e9 \u00e0 un <b data-path-to-node=\"17,1,0\" data-index-in-node=\"79\">oto-rhino-laryngologiste (ORL)<\/b> pour confirmation du diagnostic \u00e0 l&rsquo;aide de tests compl\u00e9mentaires tels que le BERA clinique\/ABR.<\/p>\n<\/li>\n<\/ul>\n<h3 data-path-to-node=\"18\">Facteurs de risque de perte auditive<\/h3>\n<p data-path-to-node=\"19\">Il est essentiel de rester vigilant quant aux facteurs de risque associ\u00e9s \u00e0 une perte auditive tardive ou progressive. M\u00eame si votre b\u00e9b\u00e9 r\u00e9ussit le test initial, un suivi est recommand\u00e9 en cas de pr\u00e9sence de ces facteurs : <\/p>\n<ul data-path-to-node=\"20\">\n<li>\n<p data-path-to-node=\"20,0,0\"><b data-path-to-node=\"20,0,0\" data-index-in-node=\"0\">Ant\u00e9c\u00e9dents familiaux :<\/b> Ant\u00e9c\u00e9dents de surdit\u00e9 infantile, pr\u00e9coce, progressive ou tardive.<\/p>\n<\/li>\n<li>\n<p data-path-to-node=\"20,1,0\"><b data-path-to-node=\"20,1,0\" data-index-in-node=\"0\">Soins intensifs :<\/b> S\u00e9jour de plus de 5 jours dans l&rsquo;unit\u00e9 de soins intensifs n\u00e9onatals (USIN) ou ventilation m\u00e9canique pendant au moins 5 jours.<\/p>\n<\/li>\n<li>\n<p data-path-to-node=\"20,2,0\"><b data-path-to-node=\"20,2,0\" data-index-in-node=\"0\">Complications \u00e0 la naissance :<\/b> Hyperbilirubin\u00e9mie n\u00e9cessitant une exsanguino-transfusion, asphyxie ou enc\u00e9phalopathie hypoxique-isch\u00e9mique.<\/p>\n<\/li>\n<li>\n<p data-path-to-node=\"20,3,0\"><b data-path-to-node=\"20,3,0\" data-index-in-node=\"0\">Ototoxic Medications:<\/b> Administration of aminoglycosides (Gentamicin, Tobramycin, etc.) for more than 5 days.<\/p>\n<\/li>\n<li>\n<p data-path-to-node=\"20,4,0\"><b data-path-to-node=\"20,4,0\" data-index-in-node=\"0\">Infections graves :<\/b> Infections in-ut\u00e9ro (rub\u00e9ole, syphilis, CMV, Zika) ou infections postnatales telles que la m\u00e9ningite ou l&rsquo;enc\u00e9phalite bact\u00e9rienne\/virale.<\/p>\n<\/li>\n<li>\n<p data-path-to-node=\"20,5,0\"><b data-path-to-node=\"20,5,0\" data-index-in-node=\"0\">R\u00e9sultats cliniques :<\/b> Malformations ou syndromes craniofaciaux associ\u00e9s \u00e0 une perte auditive.<\/p>\n<\/li>\n<\/ul>\n<h3 data-path-to-node=\"22\">Les \u00e9tapes du d\u00e9veloppement auditif : Que devriez-vous observer ?<\/h3>\n<p data-path-to-node=\"23\">Les parents et les p\u00e9diatres doivent surveiller le d\u00e9veloppement auditif lors des bilans de sant\u00e9 (recommand\u00e9s \u00e0 2, 4, 9 et 24 mois).<\/p>\n<h4 data-path-to-node=\"24\">De la naissance \u00e0 6 mois<\/h4>\n<ul data-path-to-node=\"25\">\n<li>\n<p data-path-to-node=\"25,0,0\"><b data-path-to-node=\"25,0,0\" data-index-in-node=\"0\">0 \u00e0 3 mois :<\/b> Le b\u00e9b\u00e9 sursaute aux sons forts. Il r\u00e9agit aux voix et aux bruits ou arr\u00eate son activit\u00e9. Il se r\u00e9veille \u00e0 certains bruits et se calme ou sourit lorsqu&rsquo;on lui parle. Il \u00e9met des sons de plaisir (roucoulements) et \u00e9met des cris diff\u00e9rents en fonction de ses besoins.   <\/p>\n<\/li>\n<li>\n<p data-path-to-node=\"25,1,0\"><b data-path-to-node=\"25,1,0\" data-index-in-node=\"0\">4 \u00e0 6 mois :<\/b> Le b\u00e9b\u00e9 dirige ses yeux vers les sons et r\u00e9agit aux changements de ton de votre voix. Il tourne la t\u00eate lorsqu&rsquo;on l&rsquo;appelle doucement et pr\u00eate attention \u00e0 la musique. Il commence \u00e0 babiller en pronon\u00e7ant des sons comme <i data-path-to-node=\"25,1,0\" data-index-in-node=\"208\">p<\/i>, <i data-path-to-node=\"25,1,0\" data-index-in-node=\"211\">b<\/i> et <i data-path-to-node=\"25,1,0\" data-index-in-node=\"218\">m.<\/i> Il rit \u00e0 gorge d\u00e9ploy\u00e9e.   <\/p>\n<\/li>\n<\/ul>\n<h4 data-path-to-node=\"26\">From 7 Months to 2 Years<\/h4>\n<ul data-path-to-node=\"27\">\n<li>\n<p data-path-to-node=\"27,0,0\"><b data-path-to-node=\"27,0,0\" data-index-in-node=\"0\">De 7 mois \u00e0 1 an :<\/b> Appr\u00e9cie les jeux comme le \u00ab\u00a0coucou\u00a0\u00bb. Il se tourne vers les bruits qu&rsquo;il entend \u00e0 l&rsquo;abri des regards. Il r\u00e9p\u00e8te des syllabes comme \u00ab\u00a0Ma-Ma\u00a0\u00bb ou \u00ab\u00a0Da-Da\u00a0\u00bb et r\u00e9agit \u00e0 son nom. Avant son premier anniversaire, il prononce g\u00e9n\u00e9ralement un ou deux mots.   <\/p>\n<\/li>\n<li>\n<p data-path-to-node=\"27,1,0\"><b data-path-to-node=\"27,1,0\" data-index-in-node=\"0\">1 \u00e0 2 ans (12 \u00e0 24 mois) :<\/b> Dit de plus en plus de mots chaque mois. Montre les parties de son corps lorsqu&rsquo;on le lui demande. Il ob\u00e9it \u00e0 des ordres simples et comprend les questions de base. Il commence \u00e0 assembler deux mots (par exemple, \u00ab\u00a0plus de biscuits\u00a0\u00bb, \u00ab\u00a0le livre de maman\u00a0\u00bb).   <\/p>\n<\/li>\n<\/ul>\n<h3>Fondation O\u00edr Para Vivir (Ressource de soutien)<\/h3>\n<p data-path-to-node=\"30\">La <b data-path-to-node=\"30\" data-index-in-node=\"4\">fondation O\u00edr Para Vivir<\/b> est une entit\u00e9 \u00e0 but non lucratif bas\u00e9e \u00e0 Hato Mayor, en R\u00e9publique dominicaine, dont l&rsquo;objectif est d&rsquo;aider les personnes souffrant de d\u00e9ficiences auditives.<\/p>\n<p data-path-to-node=\"31\"><b data-path-to-node=\"31\" data-index-in-node=\"0\">Tests auditifs gratuits !<\/b> O\u00edr Para Vivir propose :<\/p>\n<ul data-path-to-node=\"32\">\n<li>\n<p data-path-to-node=\"32,0,0\"><b data-path-to-node=\"32,0,0\" data-index-in-node=\"0\">Tests auditifs gratuits<\/b> pour les nouveau-n\u00e9s et les enfants.<\/p>\n<\/li>\n<li>\n<p data-path-to-node=\"32,1,0\"><b data-path-to-node=\"32,1,0\" data-index-in-node=\"0\">Dons de proth\u00e8ses auditives<\/b> et suivi n\u00e9cessaire pour les personnes vuln\u00e9rables.<\/p>\n<\/li>\n<\/ul>\n<p data-path-to-node=\"33\">Si vous avez le moindre doute sur l&rsquo;audition de votre enfant ou de votre patient, n&rsquo;h\u00e9sitez pas \u00e0 l&rsquo;orienter ou \u00e0 contacter la fondation.<\/p>\n<ul data-path-to-node=\"34\">\n<li>\n<p data-path-to-node=\"34,0,0\"><b data-path-to-node=\"34,0,0\" data-index-in-node=\"0\">T\u00e9l\u00e9phone :<\/b> 809-750-3654<\/p>\n<\/li>\n<li>\n<p data-path-to-node=\"34,1,0\"><b data-path-to-node=\"34,1,0\" data-index-in-node=\"0\">Adresse : Carretera Yerba Buena, 25000, Hato Mayor, Rep. Dom :<\/b> Carretera Yerba Buena, 25000, Hato Mayor, Rep. Dom. (derri\u00e8re l&rsquo;usine de traitement des fruits de la passion). <\/p>\n<\/li>\n<\/ul>\n<p>[\/et_pb_text][\/et_pb_column][\/et_pb_row][\/et_pb_section]<\/p>\n","protected":false},"excerpt":{"rendered":"<p>L&rsquo;audition : Un cadeau de la vie L&rsquo;ou\u00efe est l&rsquo;un des sens les plus importants pour le d\u00e9veloppement int\u00e9gral de l&rsquo;enfant. Elle permet aux enfants de percevoir le monde qui les entoure et d&rsquo;y r\u00e9agir, ce qui la rend vitale pour l&rsquo;apprentissage, les relations sociales et l&rsquo;acquisition du langage. Malheureusement, la perte d&rsquo;audition(hypoacousie) est tr\u00e8s [&hellip;]<\/p>\n","protected":false},"author":5,"featured_media":4281,"comment_status":"open","ping_status":"open","sticky":false,"template":"","format":"standard","meta":{"_et_pb_use_builder":"on","_et_pb_old_content":"","_et_gb_content_width":"","footnotes":""},"categories":[43],"tags":[60,59,61],"class_list":["post-4282","post","type-post","status-publish","format-standard","has-post-thumbnail","hentry","category-presse","tag-detection","tag-detection-de-la-perte-auditive-neonatale","tag-oir-para-vivir"],"jetpack_featured_media_url":"https:\/\/www.oirparavivir.com\/wp-content\/uploads\/2025\/12\/DSC02858-compressed.jpg","_links":{"self":[{"href":"https:\/\/www.oirparavivir.com\/fr\/wp-json\/wp\/v2\/posts\/4282","targetHints":{"allow":["GET"]}}],"collection":[{"href":"https:\/\/www.oirparavivir.com\/fr\/wp-json\/wp\/v2\/posts"}],"about":[{"href":"https:\/\/www.oirparavivir.com\/fr\/wp-json\/wp\/v2\/types\/post"}],"author":[{"embeddable":true,"href":"https:\/\/www.oirparavivir.com\/fr\/wp-json\/wp\/v2\/users\/5"}],"replies":[{"embeddable":true,"href":"https:\/\/www.oirparavivir.com\/fr\/wp-json\/wp\/v2\/comments?post=4282"}],"version-history":[{"count":2,"href":"https:\/\/www.oirparavivir.com\/fr\/wp-json\/wp\/v2\/posts\/4282\/revisions"}],"predecessor-version":[{"id":4284,"href":"https:\/\/www.oirparavivir.com\/fr\/wp-json\/wp\/v2\/posts\/4282\/revisions\/4284"}],"wp:featuredmedia":[{"embeddable":true,"href":"https:\/\/www.oirparavivir.com\/fr\/wp-json\/wp\/v2\/media\/4281"}],"wp:attachment":[{"href":"https:\/\/www.oirparavivir.com\/fr\/wp-json\/wp\/v2\/media?parent=4282"}],"wp:term":[{"taxonomy":"category","embeddable":true,"href":"https:\/\/www.oirparavivir.com\/fr\/wp-json\/wp\/v2\/categories?post=4282"},{"taxonomy":"post_tag","embeddable":true,"href":"https:\/\/www.oirparavivir.com\/fr\/wp-json\/wp\/v2\/tags?post=4282"}],"curies":[{"name":"wp","href":"https:\/\/api.w.org\/{rel}","templated":true}]}}