{"id":4132,"date":"2025-07-13T19:41:32","date_gmt":"2025-07-13T19:41:32","guid":{"rendered":"https:\/\/www.oirparavivir.com\/non-classifiee\/fixo-cargo-et-geraldinos-pizza-lancent-une-campagne-solidaire-au-profit-de-la-fondation-oir-para-vivir\/"},"modified":"2025-07-13T19:47:21","modified_gmt":"2025-07-13T19:47:21","slug":"fixo-cargo-et-geraldinos-pizza-lancent-une-campagne-solidaire-au-profit-de-la-fondation-oir-para-vivir","status":"publish","type":"post","link":"https:\/\/www.oirparavivir.com\/fr\/presse\/fixo-cargo-et-geraldinos-pizza-lancent-une-campagne-solidaire-au-profit-de-la-fondation-oir-para-vivir\/","title":{"rendered":"FIXO CARGO ET GERALDINO\u2019S PIZZA LANCENT UNE CAMPAGNE SOLIDAIRE AU PROFIT DE LA FONDATION O\u00cdR PARA VIVIR"},"content":{"rendered":"<p>[et_pb_section fb_built=\u00a0\u00bb1&Prime; _builder_version=\u00a0\u00bb4.27.4&Prime; _module_preset=\u00a0\u00bbdefault\u00a0\u00bb global_colors_info=\u00a0\u00bb{}\u00a0\u00bb][et_pb_row _builder_version=\u00a0\u00bb4.27.4&Prime; _module_preset=\u00a0\u00bbdefault\u00a0\u00bb global_colors_info=\u00a0\u00bb{}\u00a0\u00bb][et_pb_column type=\u00a0\u00bb4_4&Prime; _builder_version=\u00a0\u00bb4.27.4&Prime; _module_preset=\u00a0\u00bbdefault\u00a0\u00bb global_colors_info=\u00a0\u00bb{}\u00a0\u00bb][et_pb_text _builder_version=\u00a0\u00bb4.27.4&Prime; _module_preset=\u00a0\u00bbdefault\u00a0\u00bb hover_enabled=\u00a0\u00bb0&Prime; global_colors_info=\u00a0\u00bb{}\u00a0\u00bb text_text_color=\u00a0\u00bb#0a0a0a\u00a0\u00bb sticky_enabled=\u00a0\u00bb0&Prime;]<\/p>\n<p><b>Saint-Domingue, juillet 2025<\/b><span style=\"font-weight: 400;\"> &#8211; Dans le but d&rsquo;unir les efforts pour une cause qui transforme des vies, <\/span><b>Fixo Cargo<\/b><span style=\"font-weight: 400;\"> et <\/span><b>GeraldinosPizza<\/b><span style=\"font-weight: 400;\"> s&rsquo;associent pour une campagne sp\u00e9ciale en faveur de la <\/span><b>Fundaci\u00f3n O\u00edr para Vivir<\/b><span style=\"font-weight: 400;\">une organisation \u00e0 but non lucratif qui travaille depuis plus de dix ans pour aider les personnes souffrant de d\u00e9ficiences auditives en R\u00e9publique dominicaine.<\/span><\/p>\n<p><span style=\"font-weight: 400;\">La campagne, baptis\u00e9e <\/span><b>#Fixolidario<\/b><span style=\"font-weight: 400;\">L&rsquo;op\u00e9ration \u00ab\u00a0GeraldinosPizza\u00a0\u00bb se d\u00e9roule tout au long du mois de juillet et est toujours en cours. Elle offre aux clients de GeraldinosPizza une d\u00e9licieuse fa\u00e7on d&rsquo;aider : pour chaque  <\/span><b>#Fixxeta<\/b><span style=\"font-weight: 400;\"> vendus, une partie des recettes est directement revers\u00e9e \u00e0 la Fondation. L&rsquo;initiative est bas\u00e9e sur le site de  <\/span><b>Av. Rep\u00fablica de Colombia, Plaza Argentina, Local 9A, Santo Domingo <\/b><span style=\"font-weight: 400;\">.<\/span><\/p>\n<p><span style=\"font-weight: 400;\">\u00ab\u00a0Il s&rsquo;agit d&rsquo;un moyen simple mais efficace de faire la diff\u00e9rence. Chaque pizza repr\u00e9sente non seulement un repas partag\u00e9, mais aussi une chance d&rsquo;entendre de nombreux enfants et adultes vuln\u00e9rables\u00a0\u00bb, ont d\u00e9clar\u00e9 les repr\u00e9sentants de la Fundaci\u00f3n O\u00edr para Vivir.<\/span><\/p>\n<p><span style=\"font-weight: 400;\">La campagne a re\u00e7u un accueil chaleureux de la part du public, qui a soutenu la cause avec enthousiasme tout en profitant d&rsquo;une excellente exp\u00e9rience gastronomique.<\/span><\/p>\n<p><span style=\"font-weight: 400;\">Gr\u00e2ce aux fonds r\u00e9colt\u00e9s, la Fondation poursuivra ses missions d&rsquo;\u00e9valuation de l&rsquo;audition, de livraison d&rsquo;aides auditives personnalis\u00e9es et de suivi scolaire &#8211; apportant sant\u00e9 auditive et espoir aux personnes dans le besoin.<\/span><\/p>\n<p><b>\u00ab\u00a0S&rsquo;associer \u00e0 cette cause est aussi simple que de commander un #Fixxeta. Mais l&rsquo;impact va bien au-del\u00e0 de votre assiette.\u00a0\u00bb<\/b><span style=\"font-weight: 400;\"> &#8211; Fundaci\u00f3n O\u00edr para Vivir<\/span><\/p>\n<p>[\/et_pb_text][et_pb_slider use_bg_overlay=\u00a0\u00bboff\u00a0\u00bb use_text_overlay=\u00a0\u00bboff\u00a0\u00bb _builder_version=\u00a0\u00bb4.27.4&Prime; _module_preset=\u00a0\u00bbdefault\u00a0\u00bb width=\u00a0\u00bb300%\u00a0\u00bb max_width=\u00a0\u00bb100%\u00a0\u00bb content_width=\u00a0\u00bb200%\u00a0\u00bb content_max_width=\u00a0\u00bb100%\u00a0\u00bb min_height=\u00a0\u00bb550.9px\u00a0\u00bb global_colors_info=\u00a0\u00bb{}\u00a0\u00bb][et_pb_slide _builder_version=\u00a0\u00bb4.27.4&Prime; _module_preset=\u00a0\u00bbdefault\u00a0\u00bb background_color=\u00a0\u00bb#E55C25&Prime; background_enable_color=\u00a0\u00bbon\u00a0\u00bb background_image=\u00a0\u00bbhttps:\/\/www.oirparavivir.com\/wp-content\/uploads\/2025\/07\/DSC05788-scaled.jpg\u00a0\u00bb background_enable_image=\u00a0\u00bbon\u00a0\u00bb width=\u00a0\u00bb100%\u00a0\u00bb max_width=\u00a0\u00bb100%\u00a0\u00bb custom_padding=\u00a0\u00bb4px||||false|false\u00a0\u00bb global_colors_info=\u00a0\u00bb{}\u00a0\u00bb sticky_transition=\u00a0\u00bbon\u00a0\u00bb]<\/p>\n<p>&nbsp;<\/p>\n<p>[\/et_pb_slide][et_pb_slide _builder_version=\u00a0\u00bb4.27.4&Prime; _module_preset=\u00a0\u00bbdefault\u00a0\u00bb background_enable_color=\u00a0\u00bboff\u00a0\u00bb background_image=\u00a0\u00bbhttps:\/\/www.oirparavivir.com\/wp-content\/uploads\/2025\/07\/DSC05752-scaled.jpg\u00a0\u00bb background_enable_image=\u00a0\u00bbon\u00a0\u00bb global_colors_info=\u00a0\u00bb{}\u00a0\u00bb sticky_transition=\u00a0\u00bbon\u00a0\u00bb][\/et_pb_slide][et_pb_slide _builder_version=\u00a0\u00bb4.27.4&Prime; _module_preset=\u00a0\u00bbdefault\u00a0\u00bb background_enable_color=\u00a0\u00bboff\u00a0\u00bb background_image=\u00a0\u00bbhttps:\/\/www.oirparavivir.com\/wp-content\/uploads\/2025\/07\/DSC05726-scaled.jpg\u00a0\u00bb background_enable_image=\u00a0\u00bbon\u00a0\u00bb global_colors_info=\u00a0\u00bb{}\u00a0\u00bb sticky_transition=\u00a0\u00bbon\u00a0\u00bb][\/et_pb_slide][et_pb_slide _builder_version=\u00a0\u00bb4.27.4&Prime; _module_preset=\u00a0\u00bbdefault\u00a0\u00bb background_enable_color=\u00a0\u00bboff\u00a0\u00bb background_image=\u00a0\u00bbhttps:\/\/www.oirparavivir.com\/wp-content\/uploads\/2025\/07\/DSC05848-scaled.jpg\u00a0\u00bb background_enable_image=\u00a0\u00bbon\u00a0\u00bb global_colors_info=\u00a0\u00bb{}\u00a0\u00bb sticky_transition=\u00a0\u00bbon\u00a0\u00bb][\/et_pb_slide][et_pb_slide _builder_version=\u00a0\u00bb4.27.4&Prime; _module_preset=\u00a0\u00bbdefault\u00a0\u00bb background_enable_color=\u00a0\u00bboff\u00a0\u00bb background_image=\u00a0\u00bbhttps:\/\/www.oirparavivir.com\/wp-content\/uploads\/2025\/07\/DSC05778-scaled.jpg\u00a0\u00bb background_enable_image=\u00a0\u00bbon\u00a0\u00bb global_colors_info=\u00a0\u00bb{}\u00a0\u00bb sticky_transition=\u00a0\u00bbon\u00a0\u00bb][\/et_pb_slide][\/et_pb_slider][et_pb_video_slider _builder_version=\u00a0\u00bb4.27.4&Prime; _module_preset=\u00a0\u00bbdefault\u00a0\u00bb global_colors_info=\u00a0\u00bb{}\u00a0\u00bb][\/et_pb_video_slider][\/et_pb_column][\/et_pb_row][\/et_pb_section]<\/p>\n","protected":false},"excerpt":{"rendered":"<p>Saint-Domingue, juillet 2025 &#8211; Dans le but d&rsquo;unir les efforts pour une cause qui transforme des vies, Fixo Cargo et GeraldinosPizza s&rsquo;associent pour une campagne sp\u00e9ciale en faveur de la Fundaci\u00f3n O\u00edr para Vivirune organisation \u00e0 but non lucratif qui travaille depuis plus de dix ans pour aider les personnes souffrant de d\u00e9ficiences auditives en [&hellip;]<\/p>\n","protected":false},"author":5,"featured_media":4108,"comment_status":"open","ping_status":"open","sticky":false,"template":"","format":"standard","meta":{"_et_pb_use_builder":"on","_et_pb_old_content":"","_et_gb_content_width":"","footnotes":""},"categories":[43],"tags":[],"class_list":["post-4132","post","type-post","status-publish","format-standard","has-post-thumbnail","hentry","category-presse"],"jetpack_featured_media_url":"https:\/\/www.oirparavivir.com\/wp-content\/uploads\/2025\/07\/DSC05878-scaled.jpg","_links":{"self":[{"href":"https:\/\/www.oirparavivir.com\/fr\/wp-json\/wp\/v2\/posts\/4132","targetHints":{"allow":["GET"]}}],"collection":[{"href":"https:\/\/www.oirparavivir.com\/fr\/wp-json\/wp\/v2\/posts"}],"about":[{"href":"https:\/\/www.oirparavivir.com\/fr\/wp-json\/wp\/v2\/types\/post"}],"author":[{"embeddable":true,"href":"https:\/\/www.oirparavivir.com\/fr\/wp-json\/wp\/v2\/users\/5"}],"replies":[{"embeddable":true,"href":"https:\/\/www.oirparavivir.com\/fr\/wp-json\/wp\/v2\/comments?post=4132"}],"version-history":[{"count":4,"href":"https:\/\/www.oirparavivir.com\/fr\/wp-json\/wp\/v2\/posts\/4132\/revisions"}],"predecessor-version":[{"id":4137,"href":"https:\/\/www.oirparavivir.com\/fr\/wp-json\/wp\/v2\/posts\/4132\/revisions\/4137"}],"wp:featuredmedia":[{"embeddable":true,"href":"https:\/\/www.oirparavivir.com\/fr\/wp-json\/wp\/v2\/media\/4108"}],"wp:attachment":[{"href":"https:\/\/www.oirparavivir.com\/fr\/wp-json\/wp\/v2\/media?parent=4132"}],"wp:term":[{"taxonomy":"category","embeddable":true,"href":"https:\/\/www.oirparavivir.com\/fr\/wp-json\/wp\/v2\/categories?post=4132"},{"taxonomy":"post_tag","embeddable":true,"href":"https:\/\/www.oirparavivir.com\/fr\/wp-json\/wp\/v2\/tags?post=4132"}],"curies":[{"name":"wp","href":"https:\/\/api.w.org\/{rel}","templated":true}]}}