{"id":4092,"date":"2025-06-23T20:49:38","date_gmt":"2025-06-23T20:49:38","guid":{"rendered":"https:\/\/www.oirparavivir.com\/?p=4092"},"modified":"2025-07-17T14:15:37","modified_gmt":"2025-07-17T14:15:37","slug":"chronique-de-la-mission-numero-16-une-semaine-inoubliable","status":"publish","type":"post","link":"https:\/\/www.oirparavivir.com\/fr\/presse\/chronique-de-la-mission-numero-16-une-semaine-inoubliable\/","title":{"rendered":"CHRONIQUE DE LA MISSION NUM\u00c9RO 16 : UNE SEMAINE INOUBLIABLE"},"content":{"rendered":"<p>[et_pb_section fb_built=\u00a0\u00bb1&Prime; _builder_version=\u00a0\u00bb4.27.4&Prime; _module_preset=\u00a0\u00bbdefault\u00a0\u00bb global_colors_info=\u00a0\u00bb{}\u00a0\u00bb][et_pb_row _builder_version=\u00a0\u00bb4.27.4&Prime; _module_preset=\u00a0\u00bbdefault\u00a0\u00bb global_colors_info=\u00a0\u00bb{}\u00a0\u00bb][et_pb_column type=\u00a0\u00bb4_4&Prime; _builder_version=\u00a0\u00bb4.27.4&Prime; _module_preset=\u00a0\u00bbdefault\u00a0\u00bb global_colors_info=\u00a0\u00bb{}\u00a0\u00bb][et_pb_text _builder_version=\u00a0\u00bb4.27.4&Prime; _module_preset=\u00a0\u00bbdefault\u00a0\u00bb hover_enabled=\u00a0\u00bb0&Prime; global_colors_info=\u00a0\u00bb{%22gcid-heading-color%22:%91%22text_text_color%22%93}\u00a0\u00bb header_text_color=\u00a0\u00bb#FFFFFF\u00a0\u00bb text_text_color=\u00a0\u00bbgcid-heading-color\u00a0\u00bb sticky_enabled=\u00a0\u00bb0&Prime;]<\/p>\n<p><span style=\"font-weight: 400;\">Du 25 au 30 avril 2025, nous avons v\u00e9cu six journ\u00e9es inoubliables avec notre<\/span> seizi\u00e8me <b>mission<\/b><span style=\"font-weight: 400;\">, marquant un nouveau chapitre dans l\u2019histoire de la Fondation O\u00edr para Vivir. Cette mission n\u2019a pas seulement redonn\u00e9 le son \u00e0 209 personnes (189 enfants et 20 enseignants), mais elle a aussi apport\u00e9 de l\u2019espoir, des sourires et des alliances qui renforcent notre engagement pour un monde plus inclusif. <\/span><\/p>\n<p><span style=\"font-weight: 400;\">La mission a d\u00e9but\u00e9 le vendredi 25 avec une s\u00e9rie de contr\u00f4les pour 35 enfants d\u00e9j\u00e0 b\u00e9n\u00e9ficiaires, ainsi que des \u00e9valuations pour de nouveaux cas provenant de nos huit \u00e9coles partenaires depuis 2019.<\/span><\/p>\n<p><span style=\"font-weight: 400;\">Le week-end a \u00e9t\u00e9 particuli\u00e8rement sp\u00e9cial. Les samedi 26 et dimanche 27, nous avons accueilli 80 enfants du  <\/span><b>Hogar del Ni\u00f1o<\/b><span style=\"font-weight: 400;\">, l\u2019une des nouvelles institutions qui rejoignent notre r\u00e9seau de collaboration cette ann\u00e9e. Voir ces enfants recevoir leurs appareils auditifs pour la premi\u00e8re fois a \u00e9t\u00e9 un moment profond\u00e9ment \u00e9mouvant. Le dimanche, nous avons \u00e9galement eu le plaisir de recevoir l\u2019actrice   <\/span><b>Evelyna Rodr\u00edguez, <\/b><span style=\"font-weight: 400;\">notre ambassadrice, dont la pr\u00e9sence a illumin\u00e9 la journ\u00e9e.<\/span><\/p>\n<p><span style=\"font-weight: 400;\">Du lundi 28 au mercredi 30, nous avons poursuivi notre mission dans une autre \u00e9cole nouvellement int\u00e9gr\u00e9e<\/span><b> : l\u2019\u00c9cole Chr\u00e9tienne Sp\u00e9ciale pour Sourds de Saint-Domingue Nord.<\/b><span style=\"font-weight: 400;\">. Pendant trois jours, nous avons men\u00e9 des \u00e9valuations, r\u00e9alis\u00e9 des livraisons d\u2019appareils auditifs et form\u00e9 un r\u00e9f\u00e9rent par \u00e9cole pour assurer un suivi continu des b\u00e9n\u00e9ficiaires.<\/span><\/p>\n<p><span style=\"font-weight: 400;\">Le mardi 29 a \u00e9t\u00e9 l\u2019un des jours les plus marquants. Nous avons eu l\u2019honneur de recevoir la visite officielle de  <\/span><b>Madame Sonia Barbry<\/b><span style=\"font-weight: 400;\">Ambassadrice de France en R\u00e9publique dominicaine. Sa pr\u00e9sence a \u00e9t\u00e9 un soutien fort pour le travail que nous menons avec  <\/span><b> l\u2019Agence Fran\u00e7aise de D\u00e9veloppement (AFD),<\/b><span style=\"font-weight: 400;\"> partenaire de notre programme scolaire depuis 2019.<\/span><\/p>\n<p><span style=\"font-weight: 400;\">Ce m\u00eame jour, l\u2019entreprise <\/span><b>IBC Shipyard<\/b><span style=\"font-weight: 400;\"> a pris en charge le transport des enfants, facilitant grandement la logistique de la mission.<\/span><\/p>\n<p><span style=\"font-weight: 400;\">Le mercredi 30 a \u00e9t\u00e9 la cl\u00f4ture parfaite. Nous avons accueilli le  <\/span><b>Lyc\u00e9e Fran\u00e7ais de Saint-Domingue <\/b><span style=\"font-weight: 400;\">ainsi que <\/span><b>Madame Karine Noetinger,<\/b> <span style=\"font-weight: 400;\">Directrice des ventes de<\/span> <b>Carrefour<\/b><span style=\"font-weight: 400;\">, entreprise qui, tout au long de la semaine, nous a fourni les repas pour chaque journ\u00e9e.<\/span><\/p>\n<p><span style=\"font-weight: 400;\">Au total, nous avons pu remettre<\/span><b> 352 appareils auditifs \u00e0 209 personnes.<\/b><span style=\"font-weight: 400;\">. Un chiffre qui repr\u00e9sente bien plus qu\u2019un simple nombre : ce sont de nouvelles opportunit\u00e9s de communication, d\u2019\u00e9ducation et d\u2019int\u00e9gration.<\/span><\/p>\n<p>&nbsp;<\/p>\n<p><b>Ce succ\u00e8s n\u2019aurait pas \u00e9t\u00e9 possible sans le soutien de nos partenaires :<\/b><\/p>\n<ul>\n<li style=\"font-weight: 400;\" aria-level=\"1\"><b>@afd_france <\/b><span style=\"font-weight: 400;\">: pour sa confiance et son engagement constant tout au long de l\u2019ann\u00e9e.<\/span><span style=\"font-weight: 400;\"><\/span><\/li>\n<li style=\"font-weight: 400;\" aria-level=\"1\"><b>@auditionsolidarite <\/b><span style=\"font-weight: 400;\">: pour sa pr\u00e9sence toute la semaine et son aide sp\u00e9cialis\u00e9e pr\u00e9cieuse.<\/span><span style=\"font-weight: 400;\"><\/span><\/li>\n<li style=\"font-weight: 400;\" aria-level=\"1\"><b>@meetinggodinmissions <\/b><span style=\"font-weight: 400;\">: pour nous avoir offert un espace si important pour cette mission.<\/span><span style=\"font-weight: 400;\"><\/span><\/li>\n<li style=\"font-weight: 400;\" aria-level=\"1\"><b>@carrefourmarketrd <\/b><span style=\"font-weight: 400;\">: pour sa g\u00e9n\u00e9rosit\u00e9 quotidienne en nous fournissant les repas.<\/span><span style=\"font-weight: 400;\"><\/span><\/li>\n<li style=\"font-weight: 400;\" aria-level=\"1\"><b>@ibcshipyard <\/b><span style=\"font-weight: 400;\">: pour avoir assur\u00e9 le transport de nos b\u00e9n\u00e9ficiaires.<\/span><span style=\"font-weight: 400;\"><\/span><\/li>\n<\/ul>\n<p><span style=\"font-weight: 400;\">Nous terminons cette mission avec le c\u0153ur rempli et la certitude que chaque rencontre et chaque nouveau son en ont valu la peine.<\/span><\/p>\n<p>[\/et_pb_text][\/et_pb_column][\/et_pb_row][et_pb_row _builder_version=\u00a0\u00bb4.27.4&Prime; _module_preset=\u00a0\u00bbdefault\u00a0\u00bb][et_pb_column _builder_version=\u00a0\u00bb4.27.4&Prime; _module_preset=\u00a0\u00bbdefault\u00a0\u00bb type=\u00a0\u00bb4_4&Prime;][et_pb_slider _builder_version=\u00a0\u00bb4.27.4&Prime; _module_preset=\u00a0\u00bbdefault\u00a0\u00bb hover_enabled=\u00a0\u00bb0&Prime; sticky_enabled=\u00a0\u00bb0&Prime; custom_padding=\u00a0\u00bb0px||81%||false|false\u00a0\u00bb animation_style=\u00a0\u00bbfade\u00a0\u00bb][et_pb_slide _builder_version=\u00a0\u00bb4.27.4&Prime; _module_preset=\u00a0\u00bbdefault\u00a0\u00bb title_text=\u00a0\u00bbIMG_9299&Prime; background_image=\u00a0\u00bbhttps:\/\/www.oirparavivir.com\/wp-content\/uploads\/2025\/06\/IMG_9299-scaled.jpg\u00a0\u00bb background_enable_image=\u00a0\u00bbon\u00a0\u00bb hover_enabled=\u00a0\u00bb0&Prime; sticky_enabled=\u00a0\u00bb0&Prime;][\/et_pb_slide][et_pb_slide _builder_version=\u00a0\u00bb4.27.4&Prime; _module_preset=\u00a0\u00bbdefault\u00a0\u00bb title_text=\u00a0\u00bbIMG_9507&Prime; background_image=\u00a0\u00bbhttps:\/\/www.oirparavivir.com\/wp-content\/uploads\/2025\/06\/IMG_9507-scaled.jpg\u00a0\u00bb background_enable_image=\u00a0\u00bbon\u00a0\u00bb hover_enabled=\u00a0\u00bb0&Prime; sticky_enabled=\u00a0\u00bb0&Prime;][\/et_pb_slide][et_pb_slide _builder_version=\u00a0\u00bb4.27.4&Prime; _module_preset=\u00a0\u00bbdefault\u00a0\u00bb title_text=\u00a0\u00bbIMG_9538&Prime; background_image=\u00a0\u00bbhttps:\/\/www.oirparavivir.com\/wp-content\/uploads\/2025\/06\/IMG_9538-scaled.jpg\u00a0\u00bb background_enable_image=\u00a0\u00bbon\u00a0\u00bb hover_enabled=\u00a0\u00bb0&Prime; sticky_enabled=\u00a0\u00bb0&Prime; background_enable_color=\u00a0\u00bboff\u00a0\u00bb][\/et_pb_slide][et_pb_slide _builder_version=\u00a0\u00bb4.27.4&Prime; _module_preset=\u00a0\u00bbdefault\u00a0\u00bb title_text=\u00a0\u00bbIMG_9284&Prime; background_image=\u00a0\u00bbhttps:\/\/www.oirparavivir.com\/wp-content\/uploads\/2025\/06\/IMG_9284-scaled.jpg\u00a0\u00bb background_enable_image=\u00a0\u00bbon\u00a0\u00bb hover_enabled=\u00a0\u00bb0&Prime; sticky_enabled=\u00a0\u00bb0&Prime; background_enable_color=\u00a0\u00bboff\u00a0\u00bb][\/et_pb_slide][et_pb_slide _builder_version=\u00a0\u00bb4.27.4&Prime; _module_preset=\u00a0\u00bbdefault\u00a0\u00bb background_enable_color=\u00a0\u00bboff\u00a0\u00bb title_text=\u00a0\u00bbIMG_9222&Prime; background_image=\u00a0\u00bbhttps:\/\/www.oirparavivir.com\/wp-content\/uploads\/2025\/06\/IMG_9222-scaled.jpg\u00a0\u00bb background_enable_image=\u00a0\u00bbon\u00a0\u00bb hover_enabled=\u00a0\u00bb0&Prime; sticky_enabled=\u00a0\u00bb0&Prime;][\/et_pb_slide][\/et_pb_slider][\/et_pb_column][\/et_pb_row][\/et_pb_section]<\/p>\n","protected":false},"excerpt":{"rendered":"<p>Du 25 au 30 avril 2025, nous avons v\u00e9cu six journ\u00e9es inoubliables avec notre seizi\u00e8me mission, marquant un nouveau chapitre dans l\u2019histoire de la Fondation O\u00edr para Vivir. Cette mission n\u2019a pas seulement redonn\u00e9 le son \u00e0 209 personnes (189 enfants et 20 enseignants), mais elle a aussi apport\u00e9 de l\u2019espoir, des sourires et des [&hellip;]<\/p>\n","protected":false},"author":5,"featured_media":4057,"comment_status":"open","ping_status":"open","sticky":false,"template":"","format":"standard","meta":{"_et_pb_use_builder":"on","_et_pb_old_content":"","_et_gb_content_width":"","footnotes":""},"categories":[44,43],"tags":[],"class_list":["post-4092","post","type-post","status-publish","format-standard","has-post-thumbnail","hentry","category-missions","category-presse"],"jetpack_featured_media_url":"https:\/\/www.oirparavivir.com\/wp-content\/uploads\/2025\/06\/DSC00307-scaled.jpg","_links":{"self":[{"href":"https:\/\/www.oirparavivir.com\/fr\/wp-json\/wp\/v2\/posts\/4092","targetHints":{"allow":["GET"]}}],"collection":[{"href":"https:\/\/www.oirparavivir.com\/fr\/wp-json\/wp\/v2\/posts"}],"about":[{"href":"https:\/\/www.oirparavivir.com\/fr\/wp-json\/wp\/v2\/types\/post"}],"author":[{"embeddable":true,"href":"https:\/\/www.oirparavivir.com\/fr\/wp-json\/wp\/v2\/users\/5"}],"replies":[{"embeddable":true,"href":"https:\/\/www.oirparavivir.com\/fr\/wp-json\/wp\/v2\/comments?post=4092"}],"version-history":[{"count":8,"href":"https:\/\/www.oirparavivir.com\/fr\/wp-json\/wp\/v2\/posts\/4092\/revisions"}],"predecessor-version":[{"id":4152,"href":"https:\/\/www.oirparavivir.com\/fr\/wp-json\/wp\/v2\/posts\/4092\/revisions\/4152"}],"wp:featuredmedia":[{"embeddable":true,"href":"https:\/\/www.oirparavivir.com\/fr\/wp-json\/wp\/v2\/media\/4057"}],"wp:attachment":[{"href":"https:\/\/www.oirparavivir.com\/fr\/wp-json\/wp\/v2\/media?parent=4092"}],"wp:term":[{"taxonomy":"category","embeddable":true,"href":"https:\/\/www.oirparavivir.com\/fr\/wp-json\/wp\/v2\/categories?post=4092"},{"taxonomy":"post_tag","embeddable":true,"href":"https:\/\/www.oirparavivir.com\/fr\/wp-json\/wp\/v2\/tags?post=4092"}],"curies":[{"name":"wp","href":"https:\/\/api.w.org\/{rel}","templated":true}]}}