{"id":3377,"date":"2024-10-23T17:11:01","date_gmt":"2024-10-23T17:11:01","guid":{"rendered":"https:\/\/www.oirparavivir.com\/non-classifiee\/bm-cargo-un-allie-cle-pour-transformer-des-vies\/"},"modified":"2025-01-12T17:14:09","modified_gmt":"2025-01-12T17:14:09","slug":"bm-cargo-un-allie-cle-pour-transformer-des-vies","status":"publish","type":"post","link":"https:\/\/www.oirparavivir.com\/fr\/presse\/bm-cargo-un-allie-cle-pour-transformer-des-vies\/","title":{"rendered":"BM Cargo : un alli\u00e9 cl\u00e9 pour transformer des vies"},"content":{"rendered":"<p>[et_pb_section fb_built=\u00a0\u00bb1&Prime; _builder_version=\u00a0\u00bb4.27.2&Prime; _module_preset=\u00a0\u00bbdefault\u00a0\u00bb custom_padding=\u00a0\u00bb0px|||||\u00a0\u00bb global_colors_info=\u00a0\u00bb{}\u00a0\u00bb][et_pb_row _builder_version=\u00a0\u00bb4.27.2&Prime; _module_preset=\u00a0\u00bbdefault\u00a0\u00bb custom_padding=\u00a0\u00bb0px|||||\u00a0\u00bb global_colors_info=\u00a0\u00bb{}\u00a0\u00bb][et_pb_column type=\u00a0\u00bb4_4&Prime; _builder_version=\u00a0\u00bb4.27.2&Prime; _module_preset=\u00a0\u00bbdefault\u00a0\u00bb global_colors_info=\u00a0\u00bb{}\u00a0\u00bb][et_pb_text _builder_version=\u00a0\u00bb4.27.4&Prime; _module_preset=\u00a0\u00bbdefault\u00a0\u00bb text_text_color=\u00a0\u00bbgcid-body-color\u00a0\u00bb hover_enabled=\u00a0\u00bb0&Prime; global_colors_info=\u00a0\u00bb{%22gcid-body-color%22:%91%22text_text_color%22%93}\u00a0\u00bb sticky_enabled=\u00a0\u00bb0&Prime;]<\/p>\n<p>&nbsp;<\/p>\n<p><span style=\"color: #000000;\">BM Cargo s&rsquo;est av\u00e9r\u00e9e \u00eatre bien plus qu&rsquo;une simple entreprise de logistique ; elle est devenue un pilier fondamental de notre mission \u00e0 <strong>O\u00edr para Vivir<\/strong>, nous aidant \u00e0 apporter de l&rsquo;espoir et \u00e0 am\u00e9liorer la qualit\u00e9 de vie de ceux qui en ont le plus besoin. Leur soutien a \u00e9t\u00e9 crucial ces derniers mois, nous permettant d&rsquo;\u00e9tendre notre impact et d&rsquo;atteindre de nouveaux objectifs. <\/span><\/p>\n<p><span style=\"color: #000000;\"><strong>Le 21 septembre 2024, <\/strong>BM Cargo a organis\u00e9 un tournoi de golf caritatif avec une mission unique : collecter des fonds et transformer des vies. L&rsquo;\u00e9v\u00e9nement a r\u00e9uni des joueurs, des donateurs et des collaborateurs dans un esprit de solidarit\u00e9 et de g\u00e9n\u00e9rosit\u00e9, avec pour objectif d&rsquo;acqu\u00e9rir des appareils auditifs et de couvrir les frais de suivi pour les enfants et les adultes ayant des troubles de l&rsquo;audition.<\/p>\n<p> <\/span><\/p>\n<p>&nbsp;<\/p>\n<p>[\/et_pb_text][et_pb_image src=\u00a0\u00bbhttps:\/\/www.oirparavivir.com\/wp-content\/uploads\/2024\/10\/WhatsApp-Image-2024-09-21-at-21.12.07_6bbf6f8a.jpg\u00a0\u00bb title_text=\u00a0\u00bbWhatsApp Image 2024-09-21 at 21.12.07_6bbf6f8a\u00a0\u00bb _builder_version=\u00a0\u00bb4.27.2&Prime; _module_preset=\u00a0\u00bbdefault\u00a0\u00bb global_colors_info=\u00a0\u00bb{}\u00a0\u00bb][\/et_pb_image][et_pb_text _builder_version=\u00a0\u00bb4.27.2&Prime; _module_preset=\u00a0\u00bbdefault\u00a0\u00bb text_text_color=\u00a0\u00bbgcid-body-color\u00a0\u00bb custom_padding=\u00a0\u00bb||0px|||\u00a0\u00bb global_colors_info=\u00a0\u00bb{%22gcid-body-color%22:%91%22text_text_color%22%93}\u00a0\u00bb]<\/p>\n<p><span style=\"color: #000000;\"><strong>Un tournoi qui a du sens<\/strong><\/span><\/p>\n<p><span style=\"color: #000000;\">Du premier swing au dernier, le tournoi de golf a incarn\u00e9 l&rsquo;engagement ind\u00e9fectible de BM Cargo envers notre mission. Chaque coup repr\u00e9sentait un pas vers un avenir meilleur pour des centaines de personnes ayant besoin d&rsquo;appareils auditifs pour pleinement interagir avec le monde qui les entoure. \u00c0 la fin de la journ\u00e9e, les r\u00e9sultats ont d\u00e9pass\u00e9 toutes nos attentes, r\u00e9coltant la somme impressionnante de RD$6 223 640 pour des organisations telles que Qui\u00e9reme Como Soy, Fundaci\u00f3n Mar\u00eda Laura, O\u00edr para Vivir et Fundaci\u00f3n Faces Dominicana. Cette g\u00e9n\u00e9reuse contribution nous permettra d&rsquo;organiser de futures distributions d&rsquo;appareils auditifs et des missions m\u00e9dicales, transformant ainsi la vie de nombreuses familles.<br \/>   <\/span><\/p>\n<div class=\"group\/conversation-turn relative flex w-full min-w-0 flex-col agent-turn\">\n<div class=\"flex-col gap-1 md:gap-3\">\n<div class=\"flex max-w-full flex-col flex-grow\">\n<div data-message-author-role=\"assistant\" data-message-id=\"1ed43f45-040d-4c5f-ac9c-0dbaedaac36c\" dir=\"auto\" class=\"min-h-8 text-message flex w-full flex-col items-end gap-2 whitespace-normal break-words [.text-message+&amp;]:mt-5\" data-message-model-slug=\"gpt-4o\">\n<div class=\"flex w-full flex-col gap-1 empty:hidden first:pt-[3px]\">\n<div class=\"markdown prose w-full break-words dark:prose-invert dark\"><\/div>\n<\/div>\n<\/div>\n<\/div>\n<\/div>\n<\/div>\n<p>&nbsp;<\/p>\n<p>[\/et_pb_text][et_pb_image src=\u00a0\u00bbhttps:\/\/www.oirparavivir.com\/wp-content\/uploads\/2024\/10\/WhatsApp-Image-2024-09-20-at-09.46.39_d3540851.jpg\u00a0\u00bb title_text=\u00a0\u00bbWhatsApp Image 2024-09-20 at 09.46.39_d3540851&Prime; _builder_version=\u00a0\u00bb4.27.2&Prime; _module_preset=\u00a0\u00bbdefault\u00a0\u00bb global_colors_info=\u00a0\u00bb{}\u00a0\u00bb][\/et_pb_image][et_pb_text _builder_version=\u00a0\u00bb4.27.2&Prime; _module_preset=\u00a0\u00bbdefault\u00a0\u00bb text_text_color=\u00a0\u00bbgcid-body-color\u00a0\u00bb custom_padding=\u00a0\u00bb||0px|||\u00a0\u00bb global_colors_info=\u00a0\u00bb{%22gcid-body-color%22:%91%22text_text_color%22%93}\u00a0\u00bb]<\/p>\n<p><span style=\"color: #000000;\"><strong>Engagement \u00e0 long terme<\/strong><\/span><\/p>\n<p><span style=\"color: #000000;\">L&rsquo;engagement de BM Cargo va bien au-del\u00e0 de la mission initiale. Leur soutien continu nous a permis de renforcer nos visites dans les \u00e9coles et les institutions \u00e9ducatives, o\u00f9 nous assurons un suivi pour les enfants ayant re\u00e7u des appareils auditifs. Ces visites garantissent que chaque enfant s&rsquo;adapte bien \u00e0 ses nouveaux appareils, lui permettant de mener une vie plus \u00e9panouie et plus ind\u00e9pendante. Cet effort soutenu est essentiel pour garantir l&rsquo;impact \u00e0 long terme de chaque don et pr\u00e9server les bienfaits transformateurs que chaque appareil auditif apporte.   <\/span><\/p>\n<p>&nbsp;<\/p>\n<p>[\/et_pb_text][et_pb_image src=\u00a0\u00bbhttps:\/\/www.oirparavivir.com\/wp-content\/uploads\/2024\/10\/WhatsApp-Image-2024-09-21-at-09.13.43_7edd3f60.jpg\u00a0\u00bb title_text=\u00a0\u00bbWhatsApp Image 2024-09-21 at 09.13.43_7edd3f60&Prime; _builder_version=\u00a0\u00bb4.27.2&Prime; _module_preset=\u00a0\u00bbdefault\u00a0\u00bb global_colors_info=\u00a0\u00bb{}\u00a0\u00bb][\/et_pb_image][et_pb_text _builder_version=\u00a0\u00bb4.27.2&Prime; _module_preset=\u00a0\u00bbdefault\u00a0\u00bb text_text_color=\u00a0\u00bbgcid-body-color\u00a0\u00bb custom_padding=\u00a0\u00bb||0px|||\u00a0\u00bb global_colors_info=\u00a0\u00bb{%22gcid-body-color%22:%91%22text_text_color%22%93}\u00a0\u00bb]<\/p>\n<p><span style=\"color: #000000;\"><strong>Un avenir avec plus d&rsquo;opportunit\u00e9s<br \/><\/strong><\/span><\/p>\n<p><span style=\"color: #000000;\">L&rsquo;engagement de BM Cargo va bien au-del\u00e0 de l&rsquo;\u00e9v\u00e9nement initial. Leur soutien continu nous a permis d&rsquo;\u00e9largir nos visites dans les \u00e9coles et institutions \u00e9ducatives, o\u00f9 nous assurons un suivi pour les enfants ayant re\u00e7u des appareils auditifs. Ces visites garantissent que chaque enfant s&rsquo;adapte bien \u00e0 ses nouveaux appareils, lui permettant de mener une vie plus \u00e9panouie et ind\u00e9pendante. Cet effort continu est essentiel pour maintenir les bienfaits \u00e0 long terme de chaque don et garantir que l&rsquo;impact transformateur de chaque appareil auditif continue \u00e0 am\u00e9liorer des vies.<\/p>\n<p>   <\/span><\/p>\n<p>&nbsp;<\/p>\n<p>[\/et_pb_text][\/et_pb_column][\/et_pb_row][\/et_pb_section]<\/p>\n","protected":false},"excerpt":{"rendered":"<p>&nbsp; BM Cargo s&rsquo;est av\u00e9r\u00e9e \u00eatre bien plus qu&rsquo;une simple entreprise de logistique ; elle est devenue un pilier fondamental de notre mission \u00e0 O\u00edr para Vivir, nous aidant \u00e0 apporter de l&rsquo;espoir et \u00e0 am\u00e9liorer la qualit\u00e9 de vie de ceux qui en ont le plus besoin. Leur soutien a \u00e9t\u00e9 crucial ces derniers [&hellip;]<\/p>\n","protected":false},"author":5,"featured_media":3357,"comment_status":"open","ping_status":"open","sticky":false,"template":"","format":"standard","meta":{"_et_pb_use_builder":"on","_et_pb_old_content":"","_et_gb_content_width":"","footnotes":""},"categories":[43],"tags":[54],"class_list":["post-3377","post","type-post","status-publish","format-standard","has-post-thumbnail","hentry","category-presse","tag-bmcargo-fr"],"jetpack_featured_media_url":"https:\/\/www.oirparavivir.com\/wp-content\/uploads\/2024\/10\/WhatsApp-Image-2024-09-21-at-09.11.55_e03a9b27.jpg","_links":{"self":[{"href":"https:\/\/www.oirparavivir.com\/fr\/wp-json\/wp\/v2\/posts\/3377","targetHints":{"allow":["GET"]}}],"collection":[{"href":"https:\/\/www.oirparavivir.com\/fr\/wp-json\/wp\/v2\/posts"}],"about":[{"href":"https:\/\/www.oirparavivir.com\/fr\/wp-json\/wp\/v2\/types\/post"}],"author":[{"embeddable":true,"href":"https:\/\/www.oirparavivir.com\/fr\/wp-json\/wp\/v2\/users\/5"}],"replies":[{"embeddable":true,"href":"https:\/\/www.oirparavivir.com\/fr\/wp-json\/wp\/v2\/comments?post=3377"}],"version-history":[{"count":9,"href":"https:\/\/www.oirparavivir.com\/fr\/wp-json\/wp\/v2\/posts\/3377\/revisions"}],"predecessor-version":[{"id":3584,"href":"https:\/\/www.oirparavivir.com\/fr\/wp-json\/wp\/v2\/posts\/3377\/revisions\/3584"}],"wp:featuredmedia":[{"embeddable":true,"href":"https:\/\/www.oirparavivir.com\/fr\/wp-json\/wp\/v2\/media\/3357"}],"wp:attachment":[{"href":"https:\/\/www.oirparavivir.com\/fr\/wp-json\/wp\/v2\/media?parent=3377"}],"wp:term":[{"taxonomy":"category","embeddable":true,"href":"https:\/\/www.oirparavivir.com\/fr\/wp-json\/wp\/v2\/categories?post=3377"},{"taxonomy":"post_tag","embeddable":true,"href":"https:\/\/www.oirparavivir.com\/fr\/wp-json\/wp\/v2\/tags?post=3377"}],"curies":[{"name":"wp","href":"https:\/\/api.w.org\/{rel}","templated":true}]}}