{"id":3019,"date":"2023-12-18T15:11:12","date_gmt":"2023-12-18T15:11:12","guid":{"rendered":"https:\/\/www.oirparavivir.com\/non-classifiee\/lambassadeur-de-france-en-france-visite-nos-installations\/"},"modified":"2025-01-12T22:22:40","modified_gmt":"2025-01-12T22:22:40","slug":"lambassadeur-de-france-en-france-visite-nos-installations","status":"publish","type":"post","link":"https:\/\/www.oirparavivir.com\/fr\/activites\/lambassadeur-de-france-en-france-visite-nos-installations\/","title":{"rendered":"L&rsquo;ambassadeur de France en France visite nos installations"},"content":{"rendered":"<p>[et_pb_section fb_built=\u00a0\u00bb1&Prime; theme_builder_area=\u00a0\u00bbpost_content\u00a0\u00bb _builder_version=\u00a0\u00bb4.23.1&Prime; _module_preset=\u00a0\u00bbdefault\u00a0\u00bb][et_pb_row _builder_version=\u00a0\u00bb4.23.1&Prime; _module_preset=\u00a0\u00bbdefault\u00a0\u00bb theme_builder_area=\u00a0\u00bbpost_content\u00a0\u00bb][et_pb_column _builder_version=\u00a0\u00bb4.23.1&Prime; _module_preset=\u00a0\u00bbdefault\u00a0\u00bb type=\u00a0\u00bb4_4&Prime; theme_builder_area=\u00a0\u00bbpost_content\u00a0\u00bb][et_pb_text _builder_version=\u00a0\u00bb4.23.1&Prime; _module_preset=\u00a0\u00bbdefault\u00a0\u00bb theme_builder_area=\u00a0\u00bbpost_content\u00a0\u00bb hover_enabled=\u00a0\u00bb0&Prime; sticky_enabled=\u00a0\u00bb0&Prime;]<\/p>\n<p style=\"text-align: justify;\"><span style=\"color: #000000;\">Notre institution se sent extr\u00eamement honor\u00e9e, car \u00e0 la fin de l&rsquo;ann\u00e9e 2023, nous avons re\u00e7u la visite de l&rsquo;Ambassadeur de France Son Excellence Monsieur Eric Fournier et de son \u00e9pouse Madame Florence Fournier, ainsi que la pr\u00e9sence de Madame Virginie Diaz, directrice de l&rsquo;AFD en R\u00e9publique Dominicaine. <\/span><\/p>\n<p><span style=\"color: #000000;\">Au cours de la r\u00e9union, ils ont \u00e9chang\u00e9 avec certains enfants malentendants de l&rsquo;\u00e9cole pour sourds Vida y Esperanza en Cristo \u00e0 Hato Mayor, l&rsquo;une des \u00e9coles faisant partie de notre programme de suivi.<\/span><\/p>\n<p style=\"text-align: justify;\"><span style=\"color: #000000;\">Ils ont \u00e9galement d\u00e9couvert les installations de notre centre communautaire et les services que nous offrons gratuitement au grand public. <\/span><\/p>\n<p>[\/et_pb_text][\/et_pb_column][\/et_pb_row][\/et_pb_section]<\/p>\n","protected":false},"excerpt":{"rendered":"<p>Notre institution se sent extr\u00eamement honor\u00e9e, car \u00e0 la fin de l&rsquo;ann\u00e9e 2023, nous avons re\u00e7u la visite de l&rsquo;Ambassadeur de France Son Excellence Monsieur Eric Fournier et de son \u00e9pouse Madame Florence Fournier, ainsi que la pr\u00e9sence de Madame Virginie Diaz, directrice de l&rsquo;AFD en R\u00e9publique Dominicaine. Au cours de la r\u00e9union, ils ont [&hellip;]<\/p>\n","protected":false},"author":4,"featured_media":3013,"comment_status":"closed","ping_status":"open","sticky":false,"template":"","format":"standard","meta":{"_et_pb_use_builder":"on","_et_pb_old_content":"","_et_gb_content_width":"","footnotes":""},"categories":[40],"tags":[],"class_list":["post-3019","post","type-post","status-publish","format-standard","has-post-thumbnail","hentry","category-activites"],"jetpack_featured_media_url":"https:\/\/www.oirparavivir.com\/wp-content\/uploads\/2023\/12\/97a917e2-b78a-45fc-a91d-f4f25dfa758d.jpg","_links":{"self":[{"href":"https:\/\/www.oirparavivir.com\/fr\/wp-json\/wp\/v2\/posts\/3019","targetHints":{"allow":["GET"]}}],"collection":[{"href":"https:\/\/www.oirparavivir.com\/fr\/wp-json\/wp\/v2\/posts"}],"about":[{"href":"https:\/\/www.oirparavivir.com\/fr\/wp-json\/wp\/v2\/types\/post"}],"author":[{"embeddable":true,"href":"https:\/\/www.oirparavivir.com\/fr\/wp-json\/wp\/v2\/users\/4"}],"replies":[{"embeddable":true,"href":"https:\/\/www.oirparavivir.com\/fr\/wp-json\/wp\/v2\/comments?post=3019"}],"version-history":[{"count":6,"href":"https:\/\/www.oirparavivir.com\/fr\/wp-json\/wp\/v2\/posts\/3019\/revisions"}],"predecessor-version":[{"id":3617,"href":"https:\/\/www.oirparavivir.com\/fr\/wp-json\/wp\/v2\/posts\/3019\/revisions\/3617"}],"wp:featuredmedia":[{"embeddable":true,"href":"https:\/\/www.oirparavivir.com\/fr\/wp-json\/wp\/v2\/media\/3013"}],"wp:attachment":[{"href":"https:\/\/www.oirparavivir.com\/fr\/wp-json\/wp\/v2\/media?parent=3019"}],"wp:term":[{"taxonomy":"category","embeddable":true,"href":"https:\/\/www.oirparavivir.com\/fr\/wp-json\/wp\/v2\/categories?post=3019"},{"taxonomy":"post_tag","embeddable":true,"href":"https:\/\/www.oirparavivir.com\/fr\/wp-json\/wp\/v2\/tags?post=3019"}],"curies":[{"name":"wp","href":"https:\/\/api.w.org\/{rel}","templated":true}]}}