{"id":2898,"date":"2023-10-31T22:06:54","date_gmt":"2023-10-31T22:06:54","guid":{"rendered":"https:\/\/www.oirparavivir.com\/non-classifiee\/la-fundacion-oir-para-vivir-mene-sa-treizieme-operation-communautaire\/"},"modified":"2025-01-13T01:21:15","modified_gmt":"2025-01-13T01:21:15","slug":"la-fundacion-oir-para-vivir-mene-sa-treizieme-operation-communautaire","status":"publish","type":"post","link":"https:\/\/www.oirparavivir.com\/fr\/missions\/la-fundacion-oir-para-vivir-mene-sa-treizieme-operation-communautaire\/","title":{"rendered":"Treizi\u00e8me mission : Mission communautaire \u00e0 Hato Mayor en coordination avec la fondation Hear For A Purpose 2023<br> <br>"},"content":{"rendered":"<p>[et_pb_section fb_built=\u00a0\u00bb1&Prime; _builder_version=\u00a0\u00bb4.22.1&Prime; _module_preset=\u00a0\u00bbdefault\u00a0\u00bb global_colors_info=\u00a0\u00bb{}\u00a0\u00bb][et_pb_row _builder_version=\u00a0\u00bb4.22.1&Prime; _module_preset=\u00a0\u00bbdefault\u00a0\u00bb global_colors_info=\u00a0\u00bb{}\u00a0\u00bb][et_pb_column type=\u00a0\u00bb4_4&Prime; _builder_version=\u00a0\u00bb4.22.1&Prime; _module_preset=\u00a0\u00bbdefault\u00a0\u00bb global_colors_info=\u00a0\u00bb{}\u00a0\u00bb][et_pb_text _builder_version=\u00a0\u00bb4.27.4&Prime; _module_preset=\u00a0\u00bbdefault\u00a0\u00bb text_text_color=\u00a0\u00bbgcid-heading-color\u00a0\u00bb header_text_color=\u00a0\u00bb#FFFFFF\u00a0\u00bb custom_padding=\u00a0\u00bb||48px|||\u00a0\u00bb global_colors_info=\u00a0\u00bb{%22gcid-heading-color%22:%91%22text_text_color%22%93}\u00a0\u00bb]<\/p>\n<p>Hato Mayor, R. D. &#8211; Afin de continuer \u00e0 r\u00e9affirmer notre engagement envers la communaut\u00e9 sourde dominicaine, nous avons r\u00e9cemment men\u00e9 notre treizi\u00e8me mission communautaire en collaboration avec la Fondation Hear For A Purpose dans la province de Hato Mayor, au cours de la semaine du 16 au 20 octobre 2023.<\/p>\n<p>Au cours de cette mission, nous avons c\u00e9l\u00e9br\u00e9 avec toute l&rsquo;\u00e9quipe la venue de notre 1 000e patiente, Mme Eulalia Rodr\u00edguez De Rosario, \u00e2g\u00e9e de 71 ans.<\/p>\n<p>Une \u00e9quipe am\u00e9ricaine compos\u00e9e de 11 professionnels de l&rsquo;audiologie a collabor\u00e9 avec 7 membres dominicains d&rsquo;O\u00edr para Vivir pour fournir des soins \u00e0 109 personnes souffrant de probl\u00e8mes auditifs dans les installations de la fondation Meeting God in Missions (MGM).<\/p>\n<p>Au cours de la mission m\u00e9dicale, chaque patient a b\u00e9n\u00e9fici\u00e9 d&rsquo;une consultation en oto-rhino-laryngologie, d&rsquo;une audiom\u00e9trie pour identifier le degr\u00e9 de leur surdit\u00e9 ; de plus, leurs embouts auditifs ont \u00e9t\u00e9 con\u00e7us pour programmer ult\u00e9rieurement l&rsquo;appareil auditif en fonction de leur type de surdit\u00e9 et, enfin, ils ont re\u00e7u leurs appareils auditifs.<\/p>\n<p>\u00ab\u00a0Cette treizi\u00e8me mission communautaire a \u00e9t\u00e9 extr\u00eamement sp\u00e9ciale pour la famille O\u00edr Para Vivir. Atteindre notre milli\u00e8me patient nous rend tr\u00e8s fiers du chemin parcouru au cours de ces sept ann\u00e9es de travail en faveur de la communaut\u00e9 sourde dominicaine\u00a0\u00bb, a d\u00e9clar\u00e9 Nathanael Le Herisse, pr\u00e9sident de la fondation O\u00edr Para Vivir.<\/p>\n<p>Il a ajout\u00e9 qu&rsquo;il se sentait honor\u00e9 qu&rsquo;O\u00edr Para Vivir ait des alli\u00e9s tels que Hear For A Purpose et M. Sergio et Mme Corinne Gobbi, qui sont toujours pr\u00eats \u00e0 apporter leur contribution pour que de plus en plus de personnes malentendantes puissent en b\u00e9n\u00e9ficier.<\/p>\n<p>Evelyna Rodriguez, ambassadrice de la fondation O\u00edr Para Vivir, a d\u00e9clar\u00e9 qu&rsquo;elle \u00e9tait tr\u00e8s heureuse de constater qu&rsquo;ann\u00e9e apr\u00e8s ann\u00e9e, en collaboration avec Hear For A Purpose, ils parvenaient \u00e0 toucher de plus en plus de personnes.<\/p>\n<p> Elle a soulign\u00e9 que ces sept ann\u00e9es constituent un excellent point de d\u00e9part pour toutes les personnes qu&rsquo;ils souhaitent aider.<\/p>\n<p>[\/et_pb_text][\/et_pb_column][\/et_pb_row][et_pb_row _builder_version=\u00a0\u00bb4.22.1&Prime; _module_preset=\u00a0\u00bbdefault\u00a0\u00bb global_colors_info=\u00a0\u00bb{}\u00a0\u00bb][et_pb_column type=\u00a0\u00bb4_4&Prime; _builder_version=\u00a0\u00bb4.22.1&Prime; _module_preset=\u00a0\u00bbdefault\u00a0\u00bb global_colors_info=\u00a0\u00bb{}\u00a0\u00bb][et_pb_text _builder_version=\u00a0\u00bb4.27.4&Prime; _module_preset=\u00a0\u00bbdefault\u00a0\u00bb text_text_color=\u00a0\u00bbgcid-heading-color\u00a0\u00bb custom_padding=\u00a0\u00bb||0px|||\u00a0\u00bb hover_enabled=\u00a0\u00bb0&Prime; global_colors_info=\u00a0\u00bb{%22gcid-heading-color%22:%91%22text_text_color%22%93}\u00a0\u00bb sticky_enabled=\u00a0\u00bb0&Prime;]<\/p>\n<p>\u00c0 propos de la Fondation Hear For A Purpose<\/p>\n<p>Hear For A Purpose is a U.S.-based non-profit organization created in 2018 with the purpose of helping individuals with hearing disabilities in the Dominican Republic access quality hearing technology, thereby improving their quality of life. Its team consists of volunteer audiologists committed to helping more and more Dominicans hear. <\/p>\n<p>Parmi les projets futurs de la Fondation Hear For A Purpose figurent l&rsquo;inclusion de plus d&rsquo;\u00e9coles d&rsquo;\u00e9ducation sp\u00e9cialis\u00e9e dans son programme de suivi et le lancement de campagnes de pr\u00e9vention auditive pour sensibiliser la population \u00e0 l&rsquo;importance de prendre soin de sa sant\u00e9 auditive.<\/p>\n<p>[\/et_pb_text][et_pb_video src=\u00a0\u00bbhttps:\/\/www.youtube.com\/watch?v=_51UK208Uuc\u00a0\u00bb _builder_version=\u00a0\u00bb4.22.1&Prime; _module_preset=\u00a0\u00bbdefault\u00a0\u00bb global_colors_info=\u00a0\u00bb{}\u00a0\u00bb][\/et_pb_video][\/et_pb_column][\/et_pb_row][\/et_pb_section]<\/p>\n","protected":false},"excerpt":{"rendered":"<p>Hato Mayor, R. D. &#8211; Afin de continuer \u00e0 r\u00e9affirmer notre engagement envers la communaut\u00e9 sourde dominicaine, nous avons r\u00e9cemment men\u00e9 notre treizi\u00e8me mission communautaire en collaboration avec la Fondation Hear For A Purpose dans la province de Hato Mayor, au cours de la semaine du 16 au 20 octobre 2023. Au cours de cette [&hellip;]<\/p>\n","protected":false},"author":4,"featured_media":2889,"comment_status":"closed","ping_status":"open","sticky":false,"template":"","format":"standard","meta":{"_et_pb_use_builder":"on","_et_pb_old_content":"","_et_gb_content_width":"","footnotes":""},"categories":[44],"tags":[],"class_list":["post-2898","post","type-post","status-publish","format-standard","has-post-thumbnail","hentry","category-missions"],"jetpack_featured_media_url":"https:\/\/www.oirparavivir.com\/wp-content\/uploads\/2023\/10\/DSC02840-Mejorado-NR-scaled.jpg","_links":{"self":[{"href":"https:\/\/www.oirparavivir.com\/fr\/wp-json\/wp\/v2\/posts\/2898","targetHints":{"allow":["GET"]}}],"collection":[{"href":"https:\/\/www.oirparavivir.com\/fr\/wp-json\/wp\/v2\/posts"}],"about":[{"href":"https:\/\/www.oirparavivir.com\/fr\/wp-json\/wp\/v2\/types\/post"}],"author":[{"embeddable":true,"href":"https:\/\/www.oirparavivir.com\/fr\/wp-json\/wp\/v2\/users\/4"}],"replies":[{"embeddable":true,"href":"https:\/\/www.oirparavivir.com\/fr\/wp-json\/wp\/v2\/comments?post=2898"}],"version-history":[{"count":40,"href":"https:\/\/www.oirparavivir.com\/fr\/wp-json\/wp\/v2\/posts\/2898\/revisions"}],"predecessor-version":[{"id":3718,"href":"https:\/\/www.oirparavivir.com\/fr\/wp-json\/wp\/v2\/posts\/2898\/revisions\/3718"}],"wp:featuredmedia":[{"embeddable":true,"href":"https:\/\/www.oirparavivir.com\/fr\/wp-json\/wp\/v2\/media\/2889"}],"wp:attachment":[{"href":"https:\/\/www.oirparavivir.com\/fr\/wp-json\/wp\/v2\/media?parent=2898"}],"wp:term":[{"taxonomy":"category","embeddable":true,"href":"https:\/\/www.oirparavivir.com\/fr\/wp-json\/wp\/v2\/categories?post=2898"},{"taxonomy":"post_tag","embeddable":true,"href":"https:\/\/www.oirparavivir.com\/fr\/wp-json\/wp\/v2\/tags?post=2898"}],"curies":[{"name":"wp","href":"https:\/\/api.w.org\/{rel}","templated":true}]}}