{"id":1537,"date":"2016-03-19T23:09:00","date_gmt":"2016-03-19T23:09:00","guid":{"rendered":"https:\/\/opv.cloudnine.com.do\/non-classifiee\/cinema-pour-tous\/"},"modified":"2023-04-10T22:40:27","modified_gmt":"2023-04-10T22:40:27","slug":"cinema-pour-tous","status":"publish","type":"post","link":"https:\/\/www.oirparavivir.com\/fr\/activites\/cinema-pour-tous\/","title":{"rendered":"Cin\u00e9ma pour Tous"},"content":{"rendered":"<p>[et_pb_section fb_built=\u00a0\u00bb1&Prime; _builder_version=\u00a0\u00bb4.19.1&Prime; _module_preset=\u00a0\u00bbdefault\u00a0\u00bb global_colors_info=\u00a0\u00bb{}\u00a0\u00bb custom_padding=\u00a0\u00bb||23px|||\u00a0\u00bb][et_pb_row _builder_version=\u00a0\u00bb4.19.1&Prime; _module_preset=\u00a0\u00bbdefault\u00a0\u00bb global_colors_info=\u00a0\u00bb{}\u00a0\u00bb][et_pb_column type=\u00a0\u00bb4_4&Prime; _builder_version=\u00a0\u00bb4.19.1&Prime; _module_preset=\u00a0\u00bbdefault\u00a0\u00bb global_colors_info=\u00a0\u00bb{}\u00a0\u00bb][et_pb_text _builder_version=\u00a0\u00bb4.19.1&Prime; _module_preset=\u00a0\u00bbdefault\u00a0\u00bb global_colors_info=\u00a0\u00bb{}\u00a0\u00bb]<\/p>\n<p>En mars 2016, notre ambassadrice Evelyna Rodr\u00edguez, en coordination avec la cha\u00eene Caribbean Cinemas, a pris l&rsquo;initiative de mener une activit\u00e9 sans pr\u00e9c\u00e9dent. Son intention \u00e9tait de donner \u00e0 un groupe de gar\u00e7ons et de filles malentendants l&rsquo;opportunit\u00e9 de vivre l&rsquo;exp\u00e9rience de regarder un film sous-titr\u00e9.<\/p>\n<p>[\/et_pb_text][\/et_pb_column][\/et_pb_row][\/et_pb_section][et_pb_section fb_built=\u00a0\u00bb1&Prime; _builder_version=\u00a0\u00bb4.19.1&Prime; _module_preset=\u00a0\u00bbdefault\u00a0\u00bb global_colors_info=\u00a0\u00bb{}\u00a0\u00bb global_module=\u00a0\u00bb794&Prime; theme_builder_area=\u00a0\u00bbpost_content\u00a0\u00bb][et_pb_row _builder_version=\u00a0\u00bb4.19.1&Prime; _module_preset=\u00a0\u00bbdefault\u00a0\u00bb global_colors_info=\u00a0\u00bb{}\u00a0\u00bb theme_builder_area=\u00a0\u00bbpost_content\u00a0\u00bb][et_pb_column type=\u00a0\u00bb4_4&Prime; _builder_version=\u00a0\u00bb4.19.1&Prime; _module_preset=\u00a0\u00bbdefault\u00a0\u00bb global_colors_info=\u00a0\u00bb{}\u00a0\u00bb theme_builder_area=\u00a0\u00bbpost_content\u00a0\u00bb][et_pb_post_nav prev_text=\u00a0\u00bbPr\u00e9c\u00e9dent\u00a0\u00bb next_text=\u00a0\u00bbSuivant\u00a0\u00bb _builder_version=\u00a0\u00bb4.19.1&Prime; _module_preset=\u00a0\u00bbdefault\u00a0\u00bb global_colors_info=\u00a0\u00bb{}\u00a0\u00bb theme_builder_area=\u00a0\u00bbpost_content\u00a0\u00bb][\/et_pb_post_nav][\/et_pb_column][\/et_pb_row][\/et_pb_section]<\/p>\n","protected":false},"excerpt":{"rendered":"<p>En mars 2016, notre ambassadrice Evelyna Rodr\u00edguez, en coordination avec la cha\u00eene Caribbean Cinemas, a pris l&rsquo;initiative de mener une activit\u00e9 sans pr\u00e9c\u00e9dent. Son intention \u00e9tait de donner \u00e0 un groupe de gar\u00e7ons et de filles malentendants l&rsquo;opportunit\u00e9 de vivre l&rsquo;exp\u00e9rience de regarder un film sous-titr\u00e9.<\/p>\n","protected":false},"author":2,"featured_media":1228,"comment_status":"closed","ping_status":"closed","sticky":false,"template":"","format":"standard","meta":{"_et_pb_use_builder":"on","_et_pb_old_content":"","_et_gb_content_width":"","footnotes":""},"categories":[40],"tags":[],"class_list":["post-1537","post","type-post","status-publish","format-standard","has-post-thumbnail","hentry","category-activites"],"jetpack_featured_media_url":"https:\/\/www.oirparavivir.com\/wp-content\/uploads\/2022\/11\/Cine-Solidario-1.jpg","_links":{"self":[{"href":"https:\/\/www.oirparavivir.com\/fr\/wp-json\/wp\/v2\/posts\/1537","targetHints":{"allow":["GET"]}}],"collection":[{"href":"https:\/\/www.oirparavivir.com\/fr\/wp-json\/wp\/v2\/posts"}],"about":[{"href":"https:\/\/www.oirparavivir.com\/fr\/wp-json\/wp\/v2\/types\/post"}],"author":[{"embeddable":true,"href":"https:\/\/www.oirparavivir.com\/fr\/wp-json\/wp\/v2\/users\/2"}],"replies":[{"embeddable":true,"href":"https:\/\/www.oirparavivir.com\/fr\/wp-json\/wp\/v2\/comments?post=1537"}],"version-history":[{"count":8,"href":"https:\/\/www.oirparavivir.com\/fr\/wp-json\/wp\/v2\/posts\/1537\/revisions"}],"predecessor-version":[{"id":2464,"href":"https:\/\/www.oirparavivir.com\/fr\/wp-json\/wp\/v2\/posts\/1537\/revisions\/2464"}],"wp:featuredmedia":[{"embeddable":true,"href":"https:\/\/www.oirparavivir.com\/fr\/wp-json\/wp\/v2\/media\/1228"}],"wp:attachment":[{"href":"https:\/\/www.oirparavivir.com\/fr\/wp-json\/wp\/v2\/media?parent=1537"}],"wp:term":[{"taxonomy":"category","embeddable":true,"href":"https:\/\/www.oirparavivir.com\/fr\/wp-json\/wp\/v2\/categories?post=1537"},{"taxonomy":"post_tag","embeddable":true,"href":"https:\/\/www.oirparavivir.com\/fr\/wp-json\/wp\/v2\/tags?post=1537"}],"curies":[{"name":"wp","href":"https:\/\/api.w.org\/{rel}","templated":true}]}}