{"id":4287,"date":"2025-12-18T18:26:39","date_gmt":"2025-12-18T18:26:39","guid":{"rendered":"https:\/\/www.oirparavivir.com\/sin-categorizar\/deteccion-precoz-de-la-hipoacusia-neonatal\/"},"modified":"2026-01-26T21:19:08","modified_gmt":"2026-01-26T21:19:08","slug":"deteccion-precoz-de-la-hipoacusia-neonatal","status":"publish","type":"post","link":"https:\/\/www.oirparavivir.com\/es\/prensa\/deteccion-precoz-de-la-hipoacusia-neonatal\/","title":{"rendered":"Detecci\u00f3n precoz de la hipoacusia neonatal"},"content":{"rendered":"<p>[et_pb_section fb_built=\u00bb1&#8243; theme_builder_area=\u00bbpost_content\u00bb _builder_version=\u00bb4.27.5&#8243; _module_preset=\u00bbdefault\u00bb][et_pb_row _builder_version=\u00bb4.27.5&#8243; _module_preset=\u00bbdefault\u00bb theme_builder_area=\u00bbpost_content\u00bb][et_pb_column _builder_version=\u00bb4.27.5&#8243; _module_preset=\u00bbdefault\u00bb type=\u00bb4_4&#8243; theme_builder_area=\u00bbpost_content\u00bb][et_pb_text _builder_version=\u00bb4.27.5&#8243; _module_preset=\u00bbdefault\u00bb theme_builder_area=\u00bbpost_content\u00bb hover_enabled=\u00bb0&#8243; sticky_enabled=\u00bb0&#8243; global_colors_info=\u00bb{%22gcid-heading-color%22:%91%22text_text_color%22%93}\u00bb text_text_color=\u00bbgcid-heading-color\u00bb text_font=\u00bb||||||||\u00bb header_3_font=\u00bb&#8211;et_global_heading_font||||||||\u00bb inline_fonts=\u00bbABeeZee\u00bb]<\/p>\n<h3 data-path-to-node=\"3\">La audici\u00f3n: Un don de la vida<\/h3>\n<p data-path-to-node=\"4\">La audici\u00f3n es uno de los sentidos m\u00e1s cruciales para el desarrollo integral del ni\u00f1o. Permite al ni\u00f1o percibir el mundo que le rodea y reaccionar ante \u00e9l, por lo que es vital para el aprendizaje, las relaciones sociales y la adquisici\u00f3n del lenguaje. <\/p>\n<p data-path-to-node=\"5\">Por desgracia, la p\u00e9rdida de audici\u00f3n<b data-path-to-node=\"5\" data-index-in-node=\"29\">(hipoacusia<\/b>) est\u00e1 muy extendida: <b data-path-to-node=\"5\" data-index-in-node=\"56\">5 de cada 1.000 reci\u00e9n nacidos vivos<\/b> presentan esta afecci\u00f3n. Cuando se detecta tarde, provoca graves dificultades en el aprendizaje del lenguaje, problemas de comunicaci\u00f3n y un impacto negativo en el desarrollo cognitivo. <\/p>\n<h3>\u00bfPor qu\u00e9 es crucial la detecci\u00f3n precoz?<\/h3>\n<p data-path-to-node=\"7\">El establecimiento de la funci\u00f3n auditiva y la comunicaci\u00f3n tiene lugar durante los dos primeros a\u00f1os de vida. Por tanto, el diagn\u00f3stico y el tratamiento deben comenzar muy pronto. <\/p>\n<ul data-path-to-node=\"8\">\n<li>\n<p data-path-to-node=\"8,0,0\"><b data-path-to-node=\"8,0,0\" data-index-in-node=\"0\">El Objetivo:<\/b> Detectar la p\u00e9rdida de audici\u00f3n idealmente <b data-path-to-node=\"8,0,0\" data-index-in-node=\"38\">antes de los 3 meses<\/b> de edad e iniciar la intervenci\u00f3n <b data-path-to-node=\"8,0,0\" data-index-in-node=\"87\">antes de los 6 meses<\/b>.<\/p>\n<\/li>\n<li>\n<p data-path-to-node=\"8,1,0\"><b data-path-to-node=\"8,1,0\" data-index-in-node=\"0\">El beneficio:<\/b> El diagn\u00f3stico precoz aprovecha la <b data-path-to-node=\"8,1,0\" data-index-in-node=\"59\">neuroplasticidad<\/b> del beb\u00e9, aumentando el n\u00famero de ni\u00f1os que desarrollan con \u00e9xito un lenguaje normal, mejorando sus perspectivas de futuro y su integraci\u00f3n social.<\/p>\n<\/li>\n<\/ul>\n<h3>\u00bfEn qu\u00e9 consiste la prueba de cribado?<\/h3>\n<p data-path-to-node=\"10\">El examen audiol\u00f3gico neonatal es el primer paso para detectar la sordera a tiempo. Este examen debe realizarse en la sala de maternidad o neonatolog\u00eda antes del alta hospitalaria. <\/p>\n<ul data-path-to-node=\"11\">\n<li>\n<p data-path-to-node=\"11,0,0\"><b data-path-to-node=\"11,0,0\" data-index-in-node=\"0\">Seguro:<\/b> Es totalmente indoloro e inocuo para el beb\u00e9.<\/p>\n<\/li>\n<li>\n<p data-path-to-node=\"11,1,0\"><b data-path-to-node=\"11,1,0\" data-index-in-node=\"0\">Es sencillo:<\/b> No requiere premedicaci\u00f3n ni anestesia.<\/p>\n<\/li>\n<li>\n<p data-path-to-node=\"11,2,0\"><b data-path-to-node=\"11,2,0\" data-index-in-node=\"0\">Momento:<\/b> Se realiza mientras el ni\u00f1o est\u00e1 tranquilo o dormido.<\/p>\n<\/li>\n<\/ul>\n<h4 data-path-to-node=\"12\">Techniques Used<\/h4>\n<h4 data-path-to-node=\"12\"><b data-path-to-node=\"13,0,0\" data-index-in-node=\"0\" style=\"font-size: 14px; font-family: Montserrat, Helvetica, Arial, Lucida, sans-serif;\">Emisiones otoac\u00fasticas (OEA):<\/b><span style=\"font-size: 14px; font-family: Montserrat, Helvetica, Arial, Lucida, sans-serif;\"> Se coloca una peque\u00f1a sonda en el conducto auditivo externo que emite sonidos muy breves y de baja intensidad. Esta prueba proporciona informaci\u00f3n sobre el funcionamiento del  <\/span><b data-path-to-node=\"13,0,0\" data-index-in-node=\"172\" style=\"font-size: 14px; font-family: Montserrat, Helvetica, Arial, Lucida, sans-serif;\">c\u00f3clea<\/b><span style=\"font-size: 14px; font-family: Montserrat, Helvetica, Arial, Lucida, sans-serif;\">.<\/span><\/h4>\n<h4 data-path-to-node=\"12\"><b data-path-to-node=\"13,1,0\" data-index-in-node=\"0\" style=\"font-size: 14px; font-family: Montserrat, Helvetica, Arial, Lucida, sans-serif;\">Respuesta Auditiva Automatizada del Tallo Cerebral (RAA):<\/b><span style=\"font-size: 14px; font-family: Montserrat, Helvetica, Arial, Lucida, sans-serif;\"> Se colocan auriculares y electrodos en los o\u00eddos\/cabeza del beb\u00e9 para medir la actividad el\u00e9ctrica cerebral en respuesta a los sonidos.<\/span><\/h4>\n<h3 data-path-to-node=\"15\"><\/h3>\n<h3 data-path-to-node=\"15\">\u00bfY si el beb\u00e9 no pasa la prueba?<\/h3>\n<p data-path-to-node=\"16\">Si el beb\u00e9 no pasa, <b data-path-to-node=\"16\" data-index-in-node=\"27\">no significa necesariamente que sea sordo.<\/b> En el resultado puede influir el ruido ambiental o la presencia de restos de nacimiento o mucosidad en el o\u00eddo medio.<\/p>\n<ul data-path-to-node=\"17\">\n<li>\n<p data-path-to-node=\"17,0,0\"><b data-path-to-node=\"17,0,0\" data-index-in-node=\"0\">Paso 1:<\/b> Se programar\u00e1 una nueva cita para repetir el cribado dentro del primer mes de vida.<\/p>\n<\/li>\n<li>\n<p data-path-to-node=\"17,1,0\"><b data-path-to-node=\"17,1,0\" data-index-in-node=\"0\">Paso 2:<\/b> Si el beb\u00e9 no supera la segunda prueba, se le remitir\u00e1 a un <b data-path-to-node=\"17,1,0\" data-index-in-node=\"79\">otorrinolaring\u00f3logo (ORL<\/b> ) para que confirme el diagn\u00f3stico mediante pruebas complementarias como la BERA\/ABR cl\u00ednica.<\/p>\n<\/li>\n<\/ul>\n<h3 data-path-to-node=\"18\">Factores de riesgo de la p\u00e9rdida de audici\u00f3n<\/h3>\n<p data-path-to-node=\"19\">Es crucial permanecer atentos a los factores de riesgo asociados a la p\u00e9rdida de audici\u00f3n de aparici\u00f3n tard\u00eda o progresiva. Aunque tu beb\u00e9 supere la prueba inicial, se recomienda un seguimiento si se presentan: <\/p>\n<ul data-path-to-node=\"20\">\n<li>\n<p data-path-to-node=\"20,0,0\"><b data-path-to-node=\"20,0,0\" data-index-in-node=\"0\">Antecedentes familiares:<\/b> Antecedentes de hipoacusia infantil, precoz, progresiva o de aparici\u00f3n tard\u00eda.<\/p>\n<\/li>\n<li>\n<p data-path-to-node=\"20,1,0\"><b data-path-to-node=\"20,1,0\" data-index-in-node=\"0\">Cuidados intensivos:<\/b> Estancia en la Unidad de Cuidados Intensivos Neonatales (UCIN) durante m\u00e1s de 5 d\u00edas o ventilaci\u00f3n mec\u00e1nica durante al menos 5 d\u00edas.<\/p>\n<\/li>\n<li>\n<p data-path-to-node=\"20,2,0\"><b data-path-to-node=\"20,2,0\" data-index-in-node=\"0\">Complicaciones del parto:<\/b> Hiperbilirrubinemia que requiere exanguinotransfusi\u00f3n, asfixia o encefalopat\u00eda hip\u00f3xico-isqu\u00e9mica.<\/p>\n<\/li>\n<li>\n<p data-path-to-node=\"20,3,0\"><b data-path-to-node=\"20,3,0\" data-index-in-node=\"0\">Medicamentos otot\u00f3xicos:<\/b> Administraci\u00f3n de aminogluc\u00f3sidos (Gentamicina, Tobramicina, etc.) durante m\u00e1s de 5 d\u00edas.<\/p>\n<\/li>\n<li>\n<p data-path-to-node=\"20,4,0\"><b data-path-to-node=\"20,4,0\" data-index-in-node=\"0\">Infecciones graves:<\/b> Infecciones intrauterinas (Rub\u00e9ola, S\u00edfilis, CMV, Zika) o infecciones postnatales como meningitis o encefalitis bacterianas\/virales.<\/p>\n<\/li>\n<li>\n<p data-path-to-node=\"20,5,0\"><b data-path-to-node=\"20,5,0\" data-index-in-node=\"0\">Hallazgos cl\u00ednicos:<\/b> Malformaciones o s\u00edndromes craneofaciales asociados a hipoacusia.<\/p>\n<\/li>\n<\/ul>\n<h3 data-path-to-node=\"22\">Hitos del desarrollo auditivo: \u00bfQu\u00e9 debes observar?<\/h3>\n<p data-path-to-node=\"23\">Los padres y los pediatras deben controlar el desarrollo auditivo durante las revisiones m\u00e9dicas (recomendadas a los 2, 4, 9 y 24 meses).<\/p>\n<h4 data-path-to-node=\"24\">From Birth to 6 Months<\/h4>\n<ul data-path-to-node=\"25\">\n<li>\n<p data-path-to-node=\"25,0,0\"><b data-path-to-node=\"25,0,0\" data-index-in-node=\"0\">De 0 a 3 meses:<\/b> El beb\u00e9 se sobresalta con los sonidos fuertes. Reaccionan o detienen su actividad ante voces o ruidos. Se despiertan ante determinados ruidos y se callan o sonr\u00eden cuando se les habla. Hacen sonidos de placer (arrullos) y tienen diferentes llantos para diferentes necesidades.   <\/p>\n<\/li>\n<li>\n<p data-path-to-node=\"25,1,0\"><b data-path-to-node=\"25,1,0\" data-index-in-node=\"0\">De 4 a 6 meses:<\/b> El beb\u00e9 mueve los ojos hacia los sonidos y responde a los cambios en tu tono de voz. Vuelven la cabeza cuando se les llama suavemente y prestan atenci\u00f3n a la m\u00fasica. Empiezan a balbucear con sonidos como <i data-path-to-node=\"25,1,0\" data-index-in-node=\"208\">p<\/i>, <i data-path-to-node=\"25,1,0\" data-index-in-node=\"211\">b<\/i> y <i data-path-to-node=\"25,1,0\" data-index-in-node=\"218\">m<\/i>. Se r\u00eden a carcajadas.   <\/p>\n<\/li>\n<\/ul>\n<h4 data-path-to-node=\"26\">De 7 meses a 2 a\u00f1os<\/h4>\n<ul data-path-to-node=\"27\">\n<li>\n<p data-path-to-node=\"27,0,0\"><b data-path-to-node=\"27,0,0\" data-index-in-node=\"0\">De 7 meses a 1 a\u00f1o:<\/b> Disfruta con juegos como el escondite. Se vuelve hacia los ruidos que se hacen fuera de su vista. Repite s\u00edlabas como \u00abMa-Ma\u00bb o \u00abDa-Da\u00bb y reacciona ante su nombre. Cuando cumplen un a\u00f1o, suelen tener una o dos palabras.   <\/p>\n<\/li>\n<li>\n<p data-path-to-node=\"27,1,0\"><b data-path-to-node=\"27,1,0\" data-index-in-node=\"0\">De 1 a 2 a\u00f1os (de 12 a 24 meses):<\/b> Dice m\u00e1s palabras cada mes. Se\u00f1ala partes del cuerpo cuando se le pregunta. Sigue \u00f3rdenes sencillas y entiende preguntas b\u00e1sicas. Empieza a unir dos palabras (por ejemplo, \u00abm\u00e1s galleta\u00bb, \u00ablibro de mam\u00e1\u00bb).   <\/p>\n<\/li>\n<\/ul>\n<h3>Fundaci\u00f3n O\u00edr Para Vivir (Recurso de Apoyo)<\/h3>\n<p data-path-to-node=\"30\">La <b data-path-to-node=\"30\" data-index-in-node=\"4\">Fundaci\u00f3n O\u00edr Para Vivir<\/b> es una entidad sin \u00e1nimo de lucro con sede en Hato Mayor, Rep\u00fablica Dominicana, centrada en ayudar a las personas con discapacidad auditiva.<\/p>\n<p data-path-to-node=\"31\"><b data-path-to-node=\"31\" data-index-in-node=\"0\">Pruebas de audici\u00f3n gratuitas<\/b> Ofertas de O\u00edr Para Vivir:<\/p>\n<ul data-path-to-node=\"32\">\n<li>\n<p data-path-to-node=\"32,0,0\"><b data-path-to-node=\"32,0,0\" data-index-in-node=\"0\">Pruebas de audici\u00f3n gratuitas<\/b> para reci\u00e9n nacidos y ni\u00f1os.<\/p>\n<\/li>\n<li>\n<p data-path-to-node=\"32,1,0\"><b data-path-to-node=\"32,1,0\" data-index-in-node=\"0\">Donaciones de aud\u00edfonos<\/b> y seguimiento necesario para personas vulnerables.<\/p>\n<\/li>\n<\/ul>\n<p data-path-to-node=\"33\">Si tienes la menor duda sobre la audici\u00f3n de tu hijo o paciente, no dudes en remitirlo o ponerte en contacto con la Fundaci\u00f3n.<\/p>\n<ul data-path-to-node=\"34\">\n<li>\n<p data-path-to-node=\"34,0,0\"><b data-path-to-node=\"34,0,0\" data-index-in-node=\"0\">Tel\u00e9fono:<\/b> 809-750-3654<\/p>\n<\/li>\n<li>\n<p data-path-to-node=\"34,1,0\"><b data-path-to-node=\"34,1,0\" data-index-in-node=\"0\">Direcci\u00f3n:<\/b> Carretera Yerba Buena, 25000, Hato Mayor, Rep. Dom. (Detr\u00e1s de la planta procesadora de maracuy\u00e1). <\/p>\n<\/li>\n<\/ul>\n<p>[\/et_pb_text][\/et_pb_column][\/et_pb_row][\/et_pb_section]<\/p>\n","protected":false},"excerpt":{"rendered":"<p>La audici\u00f3n: Un don de la vida La audici\u00f3n es uno de los sentidos m\u00e1s cruciales para el desarrollo integral del ni\u00f1o. Permite al ni\u00f1o percibir el mundo que le rodea y reaccionar ante \u00e9l, por lo que es vital para el aprendizaje, las relaciones sociales y la adquisici\u00f3n del lenguaje. Por desgracia, la p\u00e9rdida [&hellip;]<\/p>\n","protected":false},"author":5,"featured_media":4285,"comment_status":"open","ping_status":"open","sticky":false,"template":"","format":"standard","meta":{"_et_pb_use_builder":"on","_et_pb_old_content":"","_et_gb_content_width":"","footnotes":""},"categories":[35],"tags":[63,62,64],"class_list":["post-4287","post","type-post","status-publish","format-standard","has-post-thumbnail","hentry","category-prensa","tag-deteccion","tag-deteccion-de-la-hipoacusia-neonatal","tag-oir-para-vivir"],"jetpack_featured_media_url":"https:\/\/www.oirparavivir.com\/wp-content\/uploads\/2025\/12\/DSC02858-compressed.jpg","_links":{"self":[{"href":"https:\/\/www.oirparavivir.com\/es\/wp-json\/wp\/v2\/posts\/4287","targetHints":{"allow":["GET"]}}],"collection":[{"href":"https:\/\/www.oirparavivir.com\/es\/wp-json\/wp\/v2\/posts"}],"about":[{"href":"https:\/\/www.oirparavivir.com\/es\/wp-json\/wp\/v2\/types\/post"}],"author":[{"embeddable":true,"href":"https:\/\/www.oirparavivir.com\/es\/wp-json\/wp\/v2\/users\/5"}],"replies":[{"embeddable":true,"href":"https:\/\/www.oirparavivir.com\/es\/wp-json\/wp\/v2\/comments?post=4287"}],"version-history":[{"count":2,"href":"https:\/\/www.oirparavivir.com\/es\/wp-json\/wp\/v2\/posts\/4287\/revisions"}],"predecessor-version":[{"id":4289,"href":"https:\/\/www.oirparavivir.com\/es\/wp-json\/wp\/v2\/posts\/4287\/revisions\/4289"}],"wp:featuredmedia":[{"embeddable":true,"href":"https:\/\/www.oirparavivir.com\/es\/wp-json\/wp\/v2\/media\/4285"}],"wp:attachment":[{"href":"https:\/\/www.oirparavivir.com\/es\/wp-json\/wp\/v2\/media?parent=4287"}],"wp:term":[{"taxonomy":"category","embeddable":true,"href":"https:\/\/www.oirparavivir.com\/es\/wp-json\/wp\/v2\/categories?post=4287"},{"taxonomy":"post_tag","embeddable":true,"href":"https:\/\/www.oirparavivir.com\/es\/wp-json\/wp\/v2\/tags?post=4287"}],"curies":[{"name":"wp","href":"https:\/\/api.w.org\/{rel}","templated":true}]}}