{"id":4138,"date":"2025-07-13T19:41:32","date_gmt":"2025-07-13T19:41:32","guid":{"rendered":"https:\/\/www.oirparavivir.com\/sin-categorizar\/fixo-cargo-y-geraldinospizza-lanzan-una-campana-benefica-para-apoyar-a-la-fundacion-oir-para-vivir\/"},"modified":"2025-07-13T19:47:56","modified_gmt":"2025-07-13T19:47:56","slug":"fixo-cargo-y-geraldinospizza-lanzan-una-campana-benefica-para-apoyar-a-la-fundacion-oir-para-vivir","status":"publish","type":"post","link":"https:\/\/www.oirparavivir.com\/es\/prensa\/fixo-cargo-y-geraldinospizza-lanzan-una-campana-benefica-para-apoyar-a-la-fundacion-oir-para-vivir\/","title":{"rendered":"FIXO CARGO Y GERALDINOSPIZZA LANZAN UNA CAMPA\u00d1A BEN\u00c9FICA PARA APOYAR A LA FUNDACI\u00d3N O\u00cdR PARA VIVIR"},"content":{"rendered":"<p>[et_pb_section fb_built=\u00bb1&#8243; _builder_version=\u00bb4.27.4&#8243; _module_preset=\u00bbdefault\u00bb global_colors_info=\u00bb{}\u00bb][et_pb_row _builder_version=\u00bb4.27.4&#8243; _module_preset=\u00bbdefault\u00bb global_colors_info=\u00bb{}\u00bb][et_pb_column type=\u00bb4_4&#8243; _builder_version=\u00bb4.27.4&#8243; _module_preset=\u00bbdefault\u00bb global_colors_info=\u00bb{}\u00bb][et_pb_text _builder_version=\u00bb4.27.4&#8243; _module_preset=\u00bbdefault\u00bb hover_enabled=\u00bb0&#8243; global_colors_info=\u00bb{}\u00bb text_text_color=\u00bb#0a0a0a\u00bb sticky_enabled=\u00bb0&#8243;]<\/p>\n<p><b>Santo Domingo, julio de 2025<\/b><span style=\"font-weight: 400;\"> &#8211; Con el objetivo de unir esfuerzos por una causa que transforma vidas, <\/span><b>Fixo Cargo<\/b><span style=\"font-weight: 400;\"> y <\/span><b>GeraldinosPizza<\/b><span style=\"font-weight: 400;\"> se han unido en una campa\u00f1a especial en apoyo a la <\/span><b>Fundaci\u00f3n O\u00edr para Vivir<\/b><span style=\"font-weight: 400;\">una organizaci\u00f3n sin \u00e1nimo de lucro que lleva m\u00e1s de una d\u00e9cada trabajando para ayudar a las personas con discapacidad auditiva en la Rep\u00fablica Dominicana.<\/span><\/p>\n<p><span style=\"font-weight: 400;\">La campa\u00f1a, denominada <\/span><b>#Fixolidario<\/b><span style=\"font-weight: 400;\">se est\u00e1 llevando a cabo durante todo el mes de julio y sigue en curso. Ofrece a los clientes de GeraldinosPizza una deliciosa forma de ayudar: por cada  <\/span><b>#Fixxeta<\/b><span style=\"font-weight: 400;\"> vendidos, una parte de los beneficios se dona directamente a la Fundaci\u00f3n. La iniciativa tiene su sede en  <\/span><b>Av. Rep\u00fablica de Colombia, Plaza Argentina, Local 9A, Santo Domingo <\/b><span style=\"font-weight: 400;\">.<\/span><\/p>\n<p><span style=\"font-weight: 400;\">\u00abSe trata de una forma sencilla pero poderosa de marcar la diferencia. Cada pizza representa no s\u00f3lo una comida compartida, sino una oportunidad de escuchar para muchos ni\u00f1os y adultos vulnerables\u00bb, dijeron representantes de la Fundaci\u00f3n O\u00edr para Vivir.<\/span><\/p>\n<p><span style=\"font-weight: 400;\">La campa\u00f1a ha recibido una calurosa acogida por parte del p\u00fablico, que ha apoyado con entusiasmo la causa mientras disfrutaba de una gran experiencia gastron\u00f3mica.<\/span><\/p>\n<p><span style=\"font-weight: 400;\">Con los fondos recaudados, la Fundaci\u00f3n continuar\u00e1 sus misiones de evaluaciones auditivas, entregas de aud\u00edfonos personalizados y seguimiento escolar, llevando salud auditiva y esperanza a los necesitados.<\/span><\/p>\n<p><b>\u00abUnirse a esta causa es tan f\u00e1cil como pedir una #Fixxeta. Pero el impacto va mucho m\u00e1s all\u00e1 de tu plato\u00bb.<\/b><span style=\"font-weight: 400;\"> &#8211; Fundaci\u00f3n O\u00edr para Vivir<\/span><\/p>\n<p>[\/et_pb_text][et_pb_slider use_bg_overlay=\u00bboff\u00bb use_text_overlay=\u00bboff\u00bb _builder_version=\u00bb4.27.4&#8243; _module_preset=\u00bbdefault\u00bb width=\u00bb300%\u00bb max_width=\u00bb100%\u00bb content_width=\u00bb200%\u00bb content_max_width=\u00bb100%\u00bb min_height=\u00bb550.9px\u00bb global_colors_info=\u00bb{}\u00bb][et_pb_slide _builder_version=\u00bb4.27.4&#8243; _module_preset=\u00bbdefault\u00bb background_color=\u00bb#E55C25&#8243; background_enable_color=\u00bbon\u00bb background_image=\u00bbhttps:\/\/www.oirparavivir.com\/wp-content\/uploads\/2025\/07\/DSC05788-scaled.jpg\u00bb background_enable_image=\u00bbon\u00bb width=\u00bb100%\u00bb max_width=\u00bb100%\u00bb custom_padding=\u00bb4px||||false|false\u00bb global_colors_info=\u00bb{}\u00bb sticky_transition=\u00bbon\u00bb]<\/p>\n<p>&nbsp;<\/p>\n<p>[\/et_pb_slide][et_pb_slide _builder_version=\u00bb4.27.4&#8243; _module_preset=\u00bbdefault\u00bb background_enable_color=\u00bboff\u00bb background_image=\u00bbhttps:\/\/www.oirparavivir.com\/wp-content\/uploads\/2025\/07\/DSC05752-scaled.jpg\u00bb background_enable_image=\u00bbon\u00bb global_colors_info=\u00bb{}\u00bb sticky_transition=\u00bbon\u00bb][\/et_pb_slide][et_pb_slide _builder_version=\u00bb4.27.4&#8243; _module_preset=\u00bbdefault\u00bb background_enable_color=\u00bboff\u00bb background_image=\u00bbhttps:\/\/www.oirparavivir.com\/wp-content\/uploads\/2025\/07\/DSC05726-scaled.jpg\u00bb background_enable_image=\u00bbon\u00bb global_colors_info=\u00bb{}\u00bb sticky_transition=\u00bbon\u00bb][\/et_pb_slide][et_pb_slide _builder_version=\u00bb4.27.4&#8243; _module_preset=\u00bbdefault\u00bb background_enable_color=\u00bboff\u00bb background_image=\u00bbhttps:\/\/www.oirparavivir.com\/wp-content\/uploads\/2025\/07\/DSC05848-scaled.jpg\u00bb background_enable_image=\u00bbon\u00bb global_colors_info=\u00bb{}\u00bb sticky_transition=\u00bbon\u00bb][\/et_pb_slide][et_pb_slide _builder_version=\u00bb4.27.4&#8243; _module_preset=\u00bbdefault\u00bb background_enable_color=\u00bboff\u00bb background_image=\u00bbhttps:\/\/www.oirparavivir.com\/wp-content\/uploads\/2025\/07\/DSC05778-scaled.jpg\u00bb background_enable_image=\u00bbon\u00bb global_colors_info=\u00bb{}\u00bb sticky_transition=\u00bbon\u00bb][\/et_pb_slide][\/et_pb_slider][et_pb_video_slider _builder_version=\u00bb4.27.4&#8243; _module_preset=\u00bbdefault\u00bb global_colors_info=\u00bb{}\u00bb][\/et_pb_video_slider][\/et_pb_column][\/et_pb_row][\/et_pb_section]<\/p>\n","protected":false},"excerpt":{"rendered":"<p>Santo Domingo, julio de 2025 &#8211; Con el objetivo de unir esfuerzos por una causa que transforma vidas, Fixo Cargo y GeraldinosPizza se han unido en una campa\u00f1a especial en apoyo a la Fundaci\u00f3n O\u00edr para Viviruna organizaci\u00f3n sin \u00e1nimo de lucro que lleva m\u00e1s de una d\u00e9cada trabajando para ayudar a las personas con [&hellip;]<\/p>\n","protected":false},"author":5,"featured_media":4109,"comment_status":"open","ping_status":"open","sticky":false,"template":"","format":"standard","meta":{"_et_pb_use_builder":"on","_et_pb_old_content":"","_et_gb_content_width":"","footnotes":""},"categories":[35],"tags":[],"class_list":["post-4138","post","type-post","status-publish","format-standard","has-post-thumbnail","hentry","category-prensa"],"jetpack_featured_media_url":"https:\/\/www.oirparavivir.com\/wp-content\/uploads\/2025\/07\/DSC05878-scaled.jpg","_links":{"self":[{"href":"https:\/\/www.oirparavivir.com\/es\/wp-json\/wp\/v2\/posts\/4138","targetHints":{"allow":["GET"]}}],"collection":[{"href":"https:\/\/www.oirparavivir.com\/es\/wp-json\/wp\/v2\/posts"}],"about":[{"href":"https:\/\/www.oirparavivir.com\/es\/wp-json\/wp\/v2\/types\/post"}],"author":[{"embeddable":true,"href":"https:\/\/www.oirparavivir.com\/es\/wp-json\/wp\/v2\/users\/5"}],"replies":[{"embeddable":true,"href":"https:\/\/www.oirparavivir.com\/es\/wp-json\/wp\/v2\/comments?post=4138"}],"version-history":[{"count":2,"href":"https:\/\/www.oirparavivir.com\/es\/wp-json\/wp\/v2\/posts\/4138\/revisions"}],"predecessor-version":[{"id":4140,"href":"https:\/\/www.oirparavivir.com\/es\/wp-json\/wp\/v2\/posts\/4138\/revisions\/4140"}],"wp:featuredmedia":[{"embeddable":true,"href":"https:\/\/www.oirparavivir.com\/es\/wp-json\/wp\/v2\/media\/4109"}],"wp:attachment":[{"href":"https:\/\/www.oirparavivir.com\/es\/wp-json\/wp\/v2\/media?parent=4138"}],"wp:term":[{"taxonomy":"category","embeddable":true,"href":"https:\/\/www.oirparavivir.com\/es\/wp-json\/wp\/v2\/categories?post=4138"},{"taxonomy":"post_tag","embeddable":true,"href":"https:\/\/www.oirparavivir.com\/es\/wp-json\/wp\/v2\/tags?post=4138"}],"curies":[{"name":"wp","href":"https:\/\/api.w.org\/{rel}","templated":true}]}}