{"id":4095,"date":"2025-06-23T20:49:38","date_gmt":"2025-06-23T20:49:38","guid":{"rendered":"https:\/\/www.oirparavivir.com\/?p=4095"},"modified":"2025-07-17T14:15:56","modified_gmt":"2025-07-17T14:15:56","slug":"cronica-del-operativo-numero-16-una-semana-para-recordar","status":"publish","type":"post","link":"https:\/\/www.oirparavivir.com\/es\/prensa\/cronica-del-operativo-numero-16-una-semana-para-recordar\/","title":{"rendered":"Cr\u00f3nica del Operativo N\u00famero 16: Una semana para recordar"},"content":{"rendered":"<p>[et_pb_section fb_built=\u00bb1&#8243; _builder_version=\u00bb4.27.4&#8243; _module_preset=\u00bbdefault\u00bb global_colors_info=\u00bb{}\u00bb][et_pb_row _builder_version=\u00bb4.27.4&#8243; _module_preset=\u00bbdefault\u00bb global_colors_info=\u00bb{}\u00bb][et_pb_column type=\u00bb4_4&#8243; _builder_version=\u00bb4.27.4&#8243; _module_preset=\u00bbdefault\u00bb global_colors_info=\u00bb{}\u00bb][et_pb_text _builder_version=\u00bb4.27.4&#8243; _module_preset=\u00bbdefault\u00bb hover_enabled=\u00bb0&#8243; global_colors_info=\u00bb{%22gcid-heading-color%22:%91%22text_text_color%22%93}\u00bb header_text_color=\u00bb#FFFFFF\u00bb text_text_color=\u00bbgcid-heading-color\u00bb sticky_enabled=\u00bb0&#8243;]<\/p>\n<p><span style=\"font-weight: 400;\">Del 25 al 30 de abril de 2025, vivimos seis d\u00edas inolvidables con nuestro <\/span><b>Operativo N\u00famero 16<\/b><span style=\"font-weight: 400;\">marcando un nuevo cap\u00edtulo en la historia de la Fundaci\u00f3n O\u00edr para Vivir. Esta misi\u00f3n no solo llev\u00f3 sonido a 209 personas (189 ni\u00f1os y 20 profesores), sino tambi\u00e9n esperanza, sonrisas y alianzas que refuerzan nuestro compromiso con un mundo m\u00e1s inclusivo. <\/span><\/p>\n<p><span style=\"font-weight: 400;\">La jornada inici\u00f3 el viernes 25 con una serie de chequeos a 35 ni\u00f1os previamente beneficiados y evaluaciones a nuevos casos de nuestras ocho escuelas aliadas desde 2019.<\/span><\/p>\n<p><span style=\"font-weight: 400;\">El fin de semana fue particularmente especial. El s\u00e1bado 26 y domingo 27 dimos la bienvenida a 80 ni\u00f1os del  <\/span><b>Hogar del Ni\u00f1o<\/b><span style=\"font-weight: 400;\">, una de las nuevas instituciones que se suman este a\u00f1o a nuestra red de colaboraci\u00f3n. Ver a estos peque\u00f1os recibir sus aud\u00edfonos por primera vez fue profundamente emotivo. El domingo tambi\u00e9n recibimos la visita de la actriz   <\/span><b>Evelyna Rodr\u00edguez<\/b><span style=\"font-weight: 400;\">, nuestra embajadora, cuya presencia ilumin\u00f3 la jornada.<\/span><\/p>\n<p><span style=\"font-weight: 400;\">Del lunes 28 al mi\u00e9rcoles 30, nos trasladamos a otra escuela reci\u00e9n incorporada: <\/span><b>la Escuela Cristiana Especial para Sordos en Santo Domingo Norte.<\/b><span style=\"font-weight: 400;\">. Durante tres d\u00edas realizamos evaluaciones, entregas de aud\u00edfonos y capacitamos a un referente por cada escuela para asegurar el seguimiento continuo a los beneficiarios.<\/span><\/p>\n<p><span style=\"font-weight: 400;\">El martes 29 fue uno de los d\u00edas m\u00e1s memorables. Tuvimos la visita oficial de  <\/span><b>Sra. Sonia Barbry<\/b><span style=\"font-weight: 400;\">Embajadora de Francia en la Rep\u00fablica Dominicana. Su presencia fue una poderosa muestra de apoyo a la labor que realizamos con los  <\/span><b>Agencia Francesa de Desarrollo (AFD)<\/b><span style=\"font-weight: 400;\">que apoya nuestro programa de intervenci\u00f3n escolar desde 2019.<\/span><\/p>\n<p><span style=\"font-weight: 400;\">Ese mismo d\u00eda <\/span><b>Astillero IBC<\/b><span style=\"font-weight: 400;\"> colabor\u00f3 generosamente con el transporte, ayud\u00e1ndonos a trasladar a los ni\u00f1os en autobuses y facilitando enormemente la log\u00edstica de la misi\u00f3n.<\/span><\/p>\n<p><span style=\"font-weight: 400;\">El mi\u00e9rcoles 30, terminamos con una nota alta. Recibimos la visita del  <\/span><b>Liceo Franc\u00e9s de Santo Domingo<\/b><span style=\"font-weight: 400;\"> y <\/span><b>Sra. Karine Noetinger<\/b><span style=\"font-weight: 400;\">Directora Comercial de <\/span><b>Carrefour<\/b><span style=\"font-weight: 400;\">empresa que generosamente proporcion\u00f3 comidas para cada d\u00eda de la misi\u00f3n.<\/span><\/p>\n<p><span style=\"font-weight: 400;\">A lo largo de la semana, pudimos entregar <\/span><b>352 aud\u00edfonos a 209 personas<\/b><span style=\"font-weight: 400;\">. Un n\u00famero que significa mucho m\u00e1s que simples estad\u00edsticas: representa nuevas oportunidades de comunicaci\u00f3n, educaci\u00f3n e integraci\u00f3n.<\/span><\/p>\n<p>&nbsp;<\/p>\n<p><b>Este logro no habr\u00eda sido posible sin el apoyo de nuestros aliados:<\/b><\/p>\n<ul>\n<li style=\"font-weight: 400;\" aria-level=\"1\"><b>@afd_france<\/b><span style=\"font-weight: 400;\">por estar a nuestro lado todo el a\u00f1o y creer en nuestra causa.<\/span><span style=\"font-weight: 400;\"><\/span><\/li>\n<li style=\"font-weight: 400;\" aria-level=\"1\"><b>@auditionsolidarite<\/b><span style=\"font-weight: 400;\">por proporcionar un inestimable apoyo especializado a lo largo de la semana.<\/span><span style=\"font-weight: 400;\"><\/span><\/li>\n<li style=\"font-weight: 400;\" aria-level=\"1\"><b>@meetinggodinmissions<\/b><span style=\"font-weight: 400;\">: por ofrecernos un espacio esencial para esta misi\u00f3n.<\/span><span style=\"font-weight: 400;\"><\/span><\/li>\n<li style=\"font-weight: 400;\" aria-level=\"1\"><b>@carrefourmarketrd<\/b><span style=\"font-weight: 400;\">por su generosidad diaria para mantenernos alimentados.<\/span><span style=\"font-weight: 400;\"><\/span><\/li>\n<li style=\"font-weight: 400;\" aria-level=\"1\"><b>@ibcshipyard<\/b><span style=\"font-weight: 400;\">por encargarse del transporte de nuestros beneficiarios.<\/span><span style=\"font-weight: 400;\"><\/span><\/li>\n<\/ul>\n<p><span style=\"font-weight: 400;\">Cerramos esta edici\u00f3n de la misi\u00f3n con el coraz\u00f3n lleno y la certeza de que cada encuentro y cada nuevo sonido han merecido la pena.<\/span><\/p>\n<p>[\/et_pb_text][\/et_pb_column][\/et_pb_row][et_pb_row _builder_version=\u00bb4.27.4&#8243; _module_preset=\u00bbdefault\u00bb][et_pb_column _builder_version=\u00bb4.27.4&#8243; _module_preset=\u00bbdefault\u00bb type=\u00bb4_4&#8243;][et_pb_slider _builder_version=\u00bb4.27.4&#8243; _module_preset=\u00bbdefault\u00bb hover_enabled=\u00bb0&#8243; sticky_enabled=\u00bb0&#8243; custom_padding=\u00bb0px||81%||false|false\u00bb animation_style=\u00bbfade\u00bb][et_pb_slide _builder_version=\u00bb4.27.4&#8243; _module_preset=\u00bbdefault\u00bb title_text=\u00bbIMG_9299&#8243; background_image=\u00bbhttps:\/\/www.oirparavivir.com\/wp-content\/uploads\/2025\/06\/IMG_9299-scaled.jpg\u00bb background_enable_image=\u00bbon\u00bb hover_enabled=\u00bb0&#8243; sticky_enabled=\u00bb0&#8243;][\/et_pb_slide][et_pb_slide _builder_version=\u00bb4.27.4&#8243; _module_preset=\u00bbdefault\u00bb title_text=\u00bbIMG_9507&#8243; background_image=\u00bbhttps:\/\/www.oirparavivir.com\/wp-content\/uploads\/2025\/06\/IMG_9507-scaled.jpg\u00bb background_enable_image=\u00bbon\u00bb hover_enabled=\u00bb0&#8243; sticky_enabled=\u00bb0&#8243;][\/et_pb_slide][et_pb_slide _builder_version=\u00bb4.27.4&#8243; _module_preset=\u00bbdefault\u00bb title_text=\u00bbIMG_9538&#8243; background_image=\u00bbhttps:\/\/www.oirparavivir.com\/wp-content\/uploads\/2025\/06\/IMG_9538-scaled.jpg\u00bb background_enable_image=\u00bbon\u00bb hover_enabled=\u00bb0&#8243; sticky_enabled=\u00bb0&#8243; background_enable_color=\u00bboff\u00bb][\/et_pb_slide][et_pb_slide _builder_version=\u00bb4.27.4&#8243; _module_preset=\u00bbdefault\u00bb title_text=\u00bbIMG_9284&#8243; background_image=\u00bbhttps:\/\/www.oirparavivir.com\/wp-content\/uploads\/2025\/06\/IMG_9284-scaled.jpg\u00bb background_enable_image=\u00bbon\u00bb hover_enabled=\u00bb0&#8243; sticky_enabled=\u00bb0&#8243; background_enable_color=\u00bboff\u00bb][\/et_pb_slide][et_pb_slide _builder_version=\u00bb4.27.4&#8243; _module_preset=\u00bbdefault\u00bb background_enable_color=\u00bboff\u00bb title_text=\u00bbIMG_9222&#8243; background_image=\u00bbhttps:\/\/www.oirparavivir.com\/wp-content\/uploads\/2025\/06\/IMG_9222-scaled.jpg\u00bb background_enable_image=\u00bbon\u00bb hover_enabled=\u00bb0&#8243; sticky_enabled=\u00bb0&#8243;][\/et_pb_slide][\/et_pb_slider][\/et_pb_column][\/et_pb_row][\/et_pb_section]<\/p>\n","protected":false},"excerpt":{"rendered":"<p>Del 25 al 30 de abril de 2025, vivimos seis d\u00edas inolvidables con nuestro Operativo N\u00famero 16marcando un nuevo cap\u00edtulo en la historia de la Fundaci\u00f3n O\u00edr para Vivir. Esta misi\u00f3n no solo llev\u00f3 sonido a 209 personas (189 ni\u00f1os y 20 profesores), sino tambi\u00e9n esperanza, sonrisas y alianzas que refuerzan nuestro compromiso con un [&hellip;]<\/p>\n","protected":false},"author":5,"featured_media":4058,"comment_status":"open","ping_status":"open","sticky":false,"template":"","format":"standard","meta":{"_et_pb_use_builder":"on","_et_pb_old_content":"","_et_gb_content_width":"","footnotes":""},"categories":[38,35],"tags":[],"class_list":["post-4095","post","type-post","status-publish","format-standard","has-post-thumbnail","hentry","category-operativo","category-prensa"],"jetpack_featured_media_url":"https:\/\/www.oirparavivir.com\/wp-content\/uploads\/2025\/06\/DSC00307-scaled.jpg","_links":{"self":[{"href":"https:\/\/www.oirparavivir.com\/es\/wp-json\/wp\/v2\/posts\/4095","targetHints":{"allow":["GET"]}}],"collection":[{"href":"https:\/\/www.oirparavivir.com\/es\/wp-json\/wp\/v2\/posts"}],"about":[{"href":"https:\/\/www.oirparavivir.com\/es\/wp-json\/wp\/v2\/types\/post"}],"author":[{"embeddable":true,"href":"https:\/\/www.oirparavivir.com\/es\/wp-json\/wp\/v2\/users\/5"}],"replies":[{"embeddable":true,"href":"https:\/\/www.oirparavivir.com\/es\/wp-json\/wp\/v2\/comments?post=4095"}],"version-history":[{"count":4,"href":"https:\/\/www.oirparavivir.com\/es\/wp-json\/wp\/v2\/posts\/4095\/revisions"}],"predecessor-version":[{"id":4101,"href":"https:\/\/www.oirparavivir.com\/es\/wp-json\/wp\/v2\/posts\/4095\/revisions\/4101"}],"wp:featuredmedia":[{"embeddable":true,"href":"https:\/\/www.oirparavivir.com\/es\/wp-json\/wp\/v2\/media\/4058"}],"wp:attachment":[{"href":"https:\/\/www.oirparavivir.com\/es\/wp-json\/wp\/v2\/media?parent=4095"}],"wp:term":[{"taxonomy":"category","embeddable":true,"href":"https:\/\/www.oirparavivir.com\/es\/wp-json\/wp\/v2\/categories?post=4095"},{"taxonomy":"post_tag","embeddable":true,"href":"https:\/\/www.oirparavivir.com\/es\/wp-json\/wp\/v2\/tags?post=4095"}],"curies":[{"name":"wp","href":"https:\/\/api.w.org\/{rel}","templated":true}]}}