{"id":3022,"date":"2023-12-18T15:11:12","date_gmt":"2023-12-18T15:11:12","guid":{"rendered":"https:\/\/www.oirparavivir.com\/sin-categorizar\/el-embajador-de-francia-en-el-pais-visita-nuestras-instalaciones\/"},"modified":"2025-01-12T22:30:22","modified_gmt":"2025-01-12T22:30:22","slug":"el-embajador-de-francia-en-el-pais-visita-nuestras-instalaciones","status":"publish","type":"post","link":"https:\/\/www.oirparavivir.com\/es\/actividades\/el-embajador-de-francia-en-el-pais-visita-nuestras-instalaciones\/","title":{"rendered":"El embajador de Francia en el pa\u00eds visita nuestras instalaciones"},"content":{"rendered":"<p>[et_pb_section fb_built=\u00bb1&#8243; theme_builder_area=\u00bbpost_content\u00bb _builder_version=\u00bb4.23.1&#8243; _module_preset=\u00bbdefault\u00bb][et_pb_row _builder_version=\u00bb4.23.1&#8243; _module_preset=\u00bbdefault\u00bb theme_builder_area=\u00bbpost_content\u00bb][et_pb_column _builder_version=\u00bb4.23.1&#8243; _module_preset=\u00bbdefault\u00bb type=\u00bb4_4&#8243; theme_builder_area=\u00bbpost_content\u00bb][et_pb_text _builder_version=\u00bb4.23.1&#8243; _module_preset=\u00bbdefault\u00bb theme_builder_area=\u00bbpost_content\u00bb hover_enabled=\u00bb0&#8243; sticky_enabled=\u00bb0&#8243;]<\/p>\n<p style=\"text-align: justify;\"><span style=\"color: #000000;\">Nuestra instituci\u00f3n se siente sumamente honrada, ya que a finales del a\u00f1o 2023, recibimos la visita del Embajador de Francia Su Excelencia el Sr. Eric Fournier y su esposa la Sra. Florence Fournier, as\u00ed como la presencia de la Sra. Virginie D\u00edaz, directora de la AFD en la Rep\u00fablica Dominicana. <\/span><\/p>\n<p><span style=\"color: #000000;\">Durante el encuentro compartieron con algunos de los ni\u00f1os con hipoacusia pertenecientes a la Escuela de Sordos Vida y Esperanza en Cristo de Hato Mayor, una de las escuelas pertenecientes a nuestro programa de seguimiento.<\/span><\/p>\n<p style=\"text-align: justify;\"><span style=\"color: #000000;\">Tambi\u00e9n conocieron las instalaciones de nuestro centro comunitario y los servicios que prestamos gratuitamente al p\u00fablico en general. <\/span><\/p>\n<p>[\/et_pb_text][\/et_pb_column][\/et_pb_row][\/et_pb_section]<\/p>\n","protected":false},"excerpt":{"rendered":"<p>Nuestra instituci\u00f3n se siente sumamente honrada, ya que a finales del a\u00f1o 2023, recibimos la visita del Embajador de Francia Su Excelencia el Sr. Eric Fournier y su esposa la Sra. Florence Fournier, as\u00ed como la presencia de la Sra. Virginie D\u00edaz, directora de la AFD en la Rep\u00fablica Dominicana. Durante el encuentro compartieron con [&hellip;]<\/p>\n","protected":false},"author":4,"featured_media":3014,"comment_status":"closed","ping_status":"open","sticky":false,"template":"","format":"standard","meta":{"_et_pb_use_builder":"on","_et_pb_old_content":"","_et_gb_content_width":"","footnotes":""},"categories":[36],"tags":[],"class_list":["post-3022","post","type-post","status-publish","format-standard","has-post-thumbnail","hentry","category-actividades"],"jetpack_featured_media_url":"https:\/\/www.oirparavivir.com\/wp-content\/uploads\/2023\/12\/97a917e2-b78a-45fc-a91d-f4f25dfa758d.jpg","_links":{"self":[{"href":"https:\/\/www.oirparavivir.com\/es\/wp-json\/wp\/v2\/posts\/3022","targetHints":{"allow":["GET"]}}],"collection":[{"href":"https:\/\/www.oirparavivir.com\/es\/wp-json\/wp\/v2\/posts"}],"about":[{"href":"https:\/\/www.oirparavivir.com\/es\/wp-json\/wp\/v2\/types\/post"}],"author":[{"embeddable":true,"href":"https:\/\/www.oirparavivir.com\/es\/wp-json\/wp\/v2\/users\/4"}],"replies":[{"embeddable":true,"href":"https:\/\/www.oirparavivir.com\/es\/wp-json\/wp\/v2\/comments?post=3022"}],"version-history":[{"count":6,"href":"https:\/\/www.oirparavivir.com\/es\/wp-json\/wp\/v2\/posts\/3022\/revisions"}],"predecessor-version":[{"id":3619,"href":"https:\/\/www.oirparavivir.com\/es\/wp-json\/wp\/v2\/posts\/3022\/revisions\/3619"}],"wp:featuredmedia":[{"embeddable":true,"href":"https:\/\/www.oirparavivir.com\/es\/wp-json\/wp\/v2\/media\/3014"}],"wp:attachment":[{"href":"https:\/\/www.oirparavivir.com\/es\/wp-json\/wp\/v2\/media?parent=3022"}],"wp:term":[{"taxonomy":"category","embeddable":true,"href":"https:\/\/www.oirparavivir.com\/es\/wp-json\/wp\/v2\/categories?post=3022"},{"taxonomy":"post_tag","embeddable":true,"href":"https:\/\/www.oirparavivir.com\/es\/wp-json\/wp\/v2\/tags?post=3022"}],"curies":[{"name":"wp","href":"https:\/\/api.w.org\/{rel}","templated":true}]}}