{"id":2901,"date":"2023-10-31T22:06:54","date_gmt":"2023-10-31T22:06:54","guid":{"rendered":"https:\/\/www.oirparavivir.com\/sin-categorizar\/la-fundacion-oir-para-vivir-lleva-a-cabo-su-decimotercera-operacion-comunitaria\/"},"modified":"2025-01-13T01:36:26","modified_gmt":"2025-01-13T01:36:26","slug":"la-fundacion-oir-para-vivir-lleva-a-cabo-su-decimotercera-operacion-comunitaria","status":"publish","type":"post","link":"https:\/\/www.oirparavivir.com\/es\/operativo\/la-fundacion-oir-para-vivir-lleva-a-cabo-su-decimotercera-operacion-comunitaria\/","title":{"rendered":"D\u00e9cimotercera operaci\u00f3n: Operaci\u00f3n comunitaria en Hato Mayor en coordinaci\u00f3n con la Fundaci\u00f3n Hear For A Purpose 2023.<br><br>"},"content":{"rendered":"<p>[et_pb_section fb_built=\u00bb1&#8243; _builder_version=\u00bb4.22.1&#8243; _module_preset=\u00bbdefault\u00bb global_colors_info=\u00bb{}\u00bb][et_pb_row _builder_version=\u00bb4.22.1&#8243; _module_preset=\u00bbdefault\u00bb global_colors_info=\u00bb{}\u00bb][et_pb_column type=\u00bb4_4&#8243; _builder_version=\u00bb4.22.1&#8243; _module_preset=\u00bbdefault\u00bb global_colors_info=\u00bb{}\u00bb][et_pb_text _builder_version=\u00bb4.27.4&#8243; _module_preset=\u00bbdefault\u00bb text_text_color=\u00bbgcid-heading-color\u00bb header_text_color=\u00bb#FFFFFF\u00bb custom_padding=\u00bb||48px|||\u00bb global_colors_info=\u00bb{%22gcid-heading-color%22:%91%22text_text_color%22%93}\u00bb]<\/p>\n<p>Hato Mayor, R. D. &#8211; Con el fin de seguir reafirmando nuestro compromiso con la comunidad sorda dominicana, recientemente realizamos nuestra d\u00e9cimotercera operaci\u00f3n comunitaria en colaboraci\u00f3n con la Fundaci\u00f3n Hear For A Purpose en la provincia de Hato Mayor, durante la semana del 16 al 20 de octubre de 2023.<\/p>\n<p>Durante esta jornada, celebramos con todo el equipo la asistencia de nuestra paciente n\u00famero 1,000, la Sra. Eulalia Rodr\u00edguez De Rosario, de 71 a\u00f1os.<\/p>\n<p>Un equipo estadounidense de 11 profesionales de la audiolog\u00eda trabaj\u00f3 junto a 7 miembros dominicanos de O\u00edr para Vivir, para brindar atenci\u00f3n a 109 personas con problemas de audici\u00f3n en las instalaciones de la fundaci\u00f3n Meeting God in Missions (MGM).<\/p>\n<p>Durante la actividad m\u00e9dica, cada paciente recibi\u00f3 una consulta en otorrinolaringolog\u00eda, una audiometr\u00eda para identificar el grado de su sordera; adem\u00e1s, se dise\u00f1aron sus moldes auditivos para luego programar el aud\u00edfono seg\u00fan su tipo de sordera, y finalmente, se les entregaron sus aud\u00edfonos.<\/p>\n<p>\u00abEsta decimotercera misi\u00f3n comunitaria fue extremadamente especial para la familia O\u00edr Para Vivir. Alcanzar a nuestra paciente n\u00famero 1,000 nos hace sentir muy orgullosos del camino que hemos recorrido durante estos 7 a\u00f1os trabajando a favor de la comunidad sorda dominicana\u00bb, dijo Nathanael Le Herisse, presidente de la Fundaci\u00f3n O\u00edr Para Vivir.<\/p>\n<p>A\u00f1adi\u00f3 que se siente honrado de que O\u00edr Para Vivir tenga aliados como Hear For A Purpose y el Sr. Sergio y la Sra. Corinne Gobbi, quienes siempre est\u00e1n dispuestos a aportar su granito de arena para que cada vez m\u00e1s personas con discapacidad auditiva puedan beneficiarse.<\/p>\n<p>Evelyna Rodr\u00edguez, embajadora de la Fundaci\u00f3n O\u00edr Para Vivir, expres\u00f3 que est\u00e1n muy emocionados de ver c\u00f3mo a\u00f1o tras a\u00f1o, junto con Hear For A Purpose, logran llegar a m\u00e1s personas. Coment\u00f3 que estos 7 a\u00f1os son un buen comienzo para todas las personas a las que quieren llegar.<\/p>\n<p>[\/et_pb_text][\/et_pb_column][\/et_pb_row][et_pb_row _builder_version=\u00bb4.22.1&#8243; _module_preset=\u00bbdefault\u00bb global_colors_info=\u00bb{}\u00bb][et_pb_column type=\u00bb4_4&#8243; _builder_version=\u00bb4.22.1&#8243; _module_preset=\u00bbdefault\u00bb global_colors_info=\u00bb{}\u00bb][et_pb_text _builder_version=\u00bb4.27.4&#8243; _module_preset=\u00bbdefault\u00bb text_text_color=\u00bbgcid-heading-color\u00bb custom_padding=\u00bb||0px|||\u00bb hover_enabled=\u00bb0&#8243; global_colors_info=\u00bb{%22gcid-heading-color%22:%91%22text_text_color%22%93}\u00bb sticky_enabled=\u00bb0&#8243;]<\/p>\n<p>Acerca de la Fundaci\u00f3n Hear For A Purpose<\/p>\n<p>Hear For A Purpose es una organizaci\u00f3n sin fines de lucro con sede en Estados Unidos, creada en 2018, con el objetivo de ayudar a las personas con discapacidad auditiva en la Rep\u00fablica Dominicana a tener acceso a tecnolog\u00eda auditiva de calidad, mejorando as\u00ed su calidad de vida. <\/p>\n<p>Entre los proyectos futuros de la Fundaci\u00f3n Hear For A Purpose se incluyen la inclusi\u00f3n de m\u00e1s escuelas de educaci\u00f3n especial en su programa de seguimiento y el lanzamiento de campa\u00f1as de prevenci\u00f3n auditiva para concienciar a la poblaci\u00f3n sobre la importancia de cuidar su salud auditiva.<\/p>\n<p>[\/et_pb_text][et_pb_video src=\u00bbhttps:\/\/www.youtube.com\/watch?v=_51UK208Uuc\u00bb _builder_version=\u00bb4.22.1&#8243; _module_preset=\u00bbdefault\u00bb global_colors_info=\u00bb{}\u00bb][\/et_pb_video][\/et_pb_column][\/et_pb_row][\/et_pb_section]<\/p>\n","protected":false},"excerpt":{"rendered":"<p>Hato Mayor, R. D. &#8211; Con el fin de seguir reafirmando nuestro compromiso con la comunidad sorda dominicana, recientemente realizamos nuestra d\u00e9cimotercera operaci\u00f3n comunitaria en colaboraci\u00f3n con la Fundaci\u00f3n Hear For A Purpose en la provincia de Hato Mayor, durante la semana del 16 al 20 de octubre de 2023. Durante esta jornada, celebramos con [&hellip;]<\/p>\n","protected":false},"author":4,"featured_media":2890,"comment_status":"closed","ping_status":"open","sticky":false,"template":"","format":"standard","meta":{"_et_pb_use_builder":"on","_et_pb_old_content":"","_et_gb_content_width":"","footnotes":""},"categories":[38],"tags":[],"class_list":["post-2901","post","type-post","status-publish","format-standard","has-post-thumbnail","hentry","category-operativo"],"jetpack_featured_media_url":"https:\/\/www.oirparavivir.com\/wp-content\/uploads\/2023\/10\/DSC02840-Mejorado-NR-scaled.jpg","_links":{"self":[{"href":"https:\/\/www.oirparavivir.com\/es\/wp-json\/wp\/v2\/posts\/2901","targetHints":{"allow":["GET"]}}],"collection":[{"href":"https:\/\/www.oirparavivir.com\/es\/wp-json\/wp\/v2\/posts"}],"about":[{"href":"https:\/\/www.oirparavivir.com\/es\/wp-json\/wp\/v2\/types\/post"}],"author":[{"embeddable":true,"href":"https:\/\/www.oirparavivir.com\/es\/wp-json\/wp\/v2\/users\/4"}],"replies":[{"embeddable":true,"href":"https:\/\/www.oirparavivir.com\/es\/wp-json\/wp\/v2\/comments?post=2901"}],"version-history":[{"count":28,"href":"https:\/\/www.oirparavivir.com\/es\/wp-json\/wp\/v2\/posts\/2901\/revisions"}],"predecessor-version":[{"id":3750,"href":"https:\/\/www.oirparavivir.com\/es\/wp-json\/wp\/v2\/posts\/2901\/revisions\/3750"}],"wp:featuredmedia":[{"embeddable":true,"href":"https:\/\/www.oirparavivir.com\/es\/wp-json\/wp\/v2\/media\/2890"}],"wp:attachment":[{"href":"https:\/\/www.oirparavivir.com\/es\/wp-json\/wp\/v2\/media?parent=2901"}],"wp:term":[{"taxonomy":"category","embeddable":true,"href":"https:\/\/www.oirparavivir.com\/es\/wp-json\/wp\/v2\/categories?post=2901"},{"taxonomy":"post_tag","embeddable":true,"href":"https:\/\/www.oirparavivir.com\/es\/wp-json\/wp\/v2\/tags?post=2901"}],"curies":[{"name":"wp","href":"https:\/\/api.w.org\/{rel}","templated":true}]}}