{"id":2811,"date":"2023-06-12T21:33:59","date_gmt":"2023-06-12T21:33:59","guid":{"rendered":"https:\/\/www.oirparavivir.com\/?p=2811"},"modified":"2025-01-13T01:37:12","modified_gmt":"2025-01-13T01:37:12","slug":"la-fundacion-oir-para-vivir-realiza-la-duodecima-operacion-de-ninos-con-discapacidad-auditiva","status":"publish","type":"post","link":"https:\/\/www.oirparavivir.com\/es\/operativo\/la-fundacion-oir-para-vivir-realiza-la-duodecima-operacion-de-ninos-con-discapacidad-auditiva\/","title":{"rendered":"Douzi\u00e8me livraison : Mission scolaire \u00e0 Hato Mayor en coordination avec la Fondation Audition Solidarit\u00e9 2023."},"content":{"rendered":"<p>[et_pb_section fb_built=\u00bb1&#8243; _builder_version=\u00bb4.21.0&#8243; _module_preset=\u00bbdefault\u00bb global_colors_info=\u00bb{}\u00bb][et_pb_row _builder_version=\u00bb4.21.0&#8243; _module_preset=\u00bbdefault\u00bb global_colors_info=\u00bb{}\u00bb][et_pb_column type=\u00bb4_4&#8243; _builder_version=\u00bb4.21.0&#8243; _module_preset=\u00bbdefault\u00bb global_colors_info=\u00bb{}\u00bb][et_pb_text _builder_version=\u00bb4.21.0&#8243; _module_preset=\u00bbdefault\u00bb global_colors_info=\u00bb{}\u00bb]<\/p>\n<p style=\"text-align: justify;\"><span style=\"color: #000000;\"><strong>HATO MAYOR.<\/strong> Una vez m\u00e1s unimos fuerzas con la fundaci\u00f3n francesa Audition Solidarit\u00e9, para llevar a cabo nuestra duod\u00e9cima operaci\u00f3n en beneficio de ni\u00f1os con discapacidad auditiva. Este proyecto ayuda a ocho escuelas de la zona Este del pa\u00eds y Santo Domingo.<\/span><\/p>\n<p style=\"text-align: justify;\"><span style=\"color: #000000;\">Durante la semana del 28 de abril al 4 de mayo de 2023, en las instalaciones de la Fundaci\u00f3n Encuentro Dios en Misi\u00f3n en Hato Mayor, un equipo de 16 profesionales de la audici\u00f3n trabaj\u00f3 en colaboraci\u00f3n con 7 dominicanos para brindar atenci\u00f3n a 193 infantes pertenecientes al programa \u00abRompiendo las Barreras de la Discapacidad\u00bb, el cual se lleva a cabo desde el a\u00f1o 2019 y a la fecha ha logrado impactar la vida de 402 ni\u00f1os y sus familias.<\/span><\/p>\n<p style=\"text-align: justify;\"><span style=\"color: #000000;\">\u00abLa operaci\u00f3n, adem\u00e1s de ser un \u00e9xito porque logramos los resultados esperados, es una de las m\u00e1s significativas para el equipo de O\u00edr Para Vivir, porque nos permiti\u00f3 mirar atr\u00e1s y ver gran parte de lo que hemos conseguido. Nos hizo mucha ilusi\u00f3n compartir con los ni\u00f1os a los que ayudamos y ver los grandes progresos que han hecho desde que se incorporaron a nuestro programa\u00bb, declar\u00f3 Nathanael Le Herisse, presidente de la Fundaci\u00f3n O\u00edr Para Vivir.<\/span><\/p>\n<p style=\"text-align: justify;\"><span style=\"color: #000000;\">Le Herisse a\u00f1adi\u00f3 que trabajar una vez m\u00e1s con los 16 voluntarios de Audition Solidarit\u00e9 fue una gran experiencia, porque junto a ellos forman un equipo muy bueno y siempre tienen la oportunidad de aprender de sus conocimientos sobre la discapacidad auditiva.<\/span><\/p>\n<p style=\"text-align: justify;\"><span style=\"color: #000000;\">\u00abEs incre\u00edble que estemos viviendo esta etapa, hemos llegado a la operaci\u00f3n n\u00famero 12 y despu\u00e9s de siete a\u00f1os de largo trabajo es muy significativo para nosotros, porque representa la sostenibilidad de nuestro proyecto y la inmensa posibilidad de seguir ayudando, que es lo que buscamos, para romper las barreras de la discapacidad auditiva en Rep\u00fablica Dominicana\u00bb, dijo Evelyna Rodr\u00edguez, embajadora de la fundaci\u00f3n.<\/span><\/p>\n<p style=\"text-align: justify;\"><span style=\"color: #000000;\">En esta ocasi\u00f3n, la operaci\u00f3n cont\u00f3 tambi\u00e9n con el apoyo de Carrefour, IBC Shipyard, MGM (Meeting God in Mission), AFD (Agence fran\u00e7aise de d\u00e9veloppement) y el Sr. Sergio y la Sra. Corinne Gobbi.<\/span><\/p>\n<p style=\"text-align: justify;\"><span style=\"color: #000000;\"><strong>Acerca de Audition Solidarit\u00e9<\/strong><\/span><\/p>\n<p style=\"text-align: justify;\"><span style=\"color: #000000;\">Se trata de una asociaci\u00f3n humanitaria y c\u00edvica francesa creada en 2008 y presidida por Christine Bourger. Su objetivo es trabajar para mejorar el bienestar auditivo de las poblaciones sensibles o desfavorecidas de todo el mundo, a trav\u00e9s de la prevenci\u00f3n, la informaci\u00f3n, la implantaci\u00f3n de tecnolog\u00edas auditivas, la formaci\u00f3n, la investigaci\u00f3n y las acciones dirigidas a apoyar cualquier proyecto humanitario en favor del mundo auditivo. Esta entidad es nuestra fiel aliada desde 2019 en el proyecto \u00abRompiendo las barreras de la discapacidad\u00bb, que llevamos a cabo con colegios de ni\u00f1os con discapacidad auditiva.<\/span><\/p>\n<p>[\/et_pb_text][et_pb_text _builder_version=\u00bb4.22.1&#8243; _module_preset=\u00bbdefault\u00bb global_colors_info=\u00bb{}\u00bb]<\/p>\n<p>Su contenido va aqu\u00ed. Edite o elimine este texto en l\u00ednea o en la configuraci\u00f3n de Contenido del m\u00f3dulo. Tambi\u00e9n puede dar estilo a cada aspecto de este contenido en la configuraci\u00f3n de dise\u00f1o del m\u00f3dulo e incluso aplicar CSS personalizado a este texto en la configuraci\u00f3n avanzada del m\u00f3dulo.<\/p>\n<p>[\/et_pb_text][et_pb_video src=\u00bbhttps:\/\/www.youtube.com\/watch?v=VoqcKZ-FP14&#8243; _builder_version=\u00bb4.21.0&#8243; _module_preset=\u00bbdefault\u00bb global_colors_info=\u00bb{}\u00bb][\/et_pb_video][\/et_pb_column][\/et_pb_row][\/et_pb_section]<\/p>\n","protected":false},"excerpt":{"rendered":"<p>HATO MAYOR. Una vez m\u00e1s unimos fuerzas con la fundaci\u00f3n francesa Audition Solidarit\u00e9, para llevar a cabo nuestra duod\u00e9cima operaci\u00f3n en beneficio de ni\u00f1os con discapacidad auditiva. Este proyecto ayuda a ocho escuelas de la zona Este del pa\u00eds y Santo Domingo. Durante la semana del 28 de abril al 4 de mayo de 2023, [&hellip;]<\/p>\n","protected":false},"author":4,"featured_media":2660,"comment_status":"closed","ping_status":"closed","sticky":false,"template":"","format":"standard","meta":{"_et_pb_use_builder":"on","_et_pb_old_content":"","_et_gb_content_width":"","footnotes":""},"categories":[38],"tags":[],"class_list":["post-2811","post","type-post","status-publish","format-standard","has-post-thumbnail","hentry","category-operativo"],"jetpack_featured_media_url":"https:\/\/www.oirparavivir.com\/wp-content\/uploads\/2023\/06\/PRINCIPAL-scaled.jpg","_links":{"self":[{"href":"https:\/\/www.oirparavivir.com\/es\/wp-json\/wp\/v2\/posts\/2811","targetHints":{"allow":["GET"]}}],"collection":[{"href":"https:\/\/www.oirparavivir.com\/es\/wp-json\/wp\/v2\/posts"}],"about":[{"href":"https:\/\/www.oirparavivir.com\/es\/wp-json\/wp\/v2\/types\/post"}],"author":[{"embeddable":true,"href":"https:\/\/www.oirparavivir.com\/es\/wp-json\/wp\/v2\/users\/4"}],"replies":[{"embeddable":true,"href":"https:\/\/www.oirparavivir.com\/es\/wp-json\/wp\/v2\/comments?post=2811"}],"version-history":[{"count":31,"href":"https:\/\/www.oirparavivir.com\/es\/wp-json\/wp\/v2\/posts\/2811\/revisions"}],"predecessor-version":[{"id":3753,"href":"https:\/\/www.oirparavivir.com\/es\/wp-json\/wp\/v2\/posts\/2811\/revisions\/3753"}],"wp:featuredmedia":[{"embeddable":true,"href":"https:\/\/www.oirparavivir.com\/es\/wp-json\/wp\/v2\/media\/2660"}],"wp:attachment":[{"href":"https:\/\/www.oirparavivir.com\/es\/wp-json\/wp\/v2\/media?parent=2811"}],"wp:term":[{"taxonomy":"category","embeddable":true,"href":"https:\/\/www.oirparavivir.com\/es\/wp-json\/wp\/v2\/categories?post=2811"},{"taxonomy":"post_tag","embeddable":true,"href":"https:\/\/www.oirparavivir.com\/es\/wp-json\/wp\/v2\/tags?post=2811"}],"curies":[{"name":"wp","href":"https:\/\/api.w.org\/{rel}","templated":true}]}}