{"id":1433,"date":"2016-10-16T17:35:00","date_gmt":"2016-10-16T17:35:00","guid":{"rendered":"https:\/\/opv.cloudnine.com.do\/sin-categorizar\/cuarta-entrega-de-audifonos-en-coordinacion-con-hear-for-a-purpose-foundation-2016\/"},"modified":"2022-11-30T16:44:55","modified_gmt":"2022-11-30T16:44:55","slug":"cuarta-entrega-de-audifonos-en-coordinacion-con-hear-for-a-purpose-foundation-2016","status":"publish","type":"post","link":"https:\/\/www.oirparavivir.com\/es\/operativo\/cuarta-entrega-de-audifonos-en-coordinacion-con-hear-for-a-purpose-foundation-2016\/","title":{"rendered":"Cuarta Entrega de aud\u00edfonos en coordinaci\u00f3n con Hear For A Purpose Foundation 2016"},"content":{"rendered":"<p>[et_pb_section fb_built=\u00bb1&#8243; admin_label=\u00bbContent\u00bb _builder_version=\u00bb4.16&#8243; _module_preset=\u00bbdefault\u00bb custom_padding=\u00bb||3px|||\u00bb global_colors_info=\u00bb{}\u00bb][et_pb_row _builder_version=\u00bb4.16&#8243; _module_preset=\u00bbdefault\u00bb custom_padding=\u00bb3px|||||\u00bb global_colors_info=\u00bb{}\u00bb][et_pb_column type=\u00bb4_4&#8243; _builder_version=\u00bb4.16&#8243; _module_preset=\u00bbdefault\u00bb global_colors_info=\u00bb{}\u00bb][et_pb_text ul_position=\u00bbinside\u00bb ul_item_indent=\u00bb30px\u00bb quote_border_weight=\u00bb10px\u00bb quote_border_color=\u00bb#e55c25&#8243; ul_item_indent_tablet=\u00bb\u00bb ul_item_indent_phone=\u00bb0px\u00bb ul_item_indent_last_edited=\u00bbon|phone\u00bb _builder_version=\u00bb4.19.1&#8243; _module_preset=\u00bb85ec5774-0b51-4075-9641-4e0e2e6ea9dd\u00bb text_font=\u00bbMontserrat|500|||||||\u00bb text_text_color=\u00bbrgba(0,0,0,0.6)\u00bb ul_line_height=\u00bb2em\u00bb quote_font=\u00bb||on||||||\u00bb hover_enabled=\u00bb0&#8243; text_font_size_tablet=\u00bb15px\u00bb text_font_size_phone=\u00bb14px\u00bb text_font_size_last_edited=\u00bbon|desktop\u00bb quote_font_size_tablet=\u00bb18px\u00bb quote_font_size_phone=\u00bb14px\u00bb quote_font_size_last_edited=\u00bbon|desktop\u00bb global_colors_info=\u00bb{%22gcid-1a1ef5e7-0e56-426b-aff4-02aa800905cc%22:%91%93}\u00bb sticky_enabled=\u00bb0&#8243;]<\/p>\n<p>Durante el mes de Octubre del a\u00f1o 2016, en coordinaci\u00f3n con uno de nuestros aliados la fundaci\u00f3n Hear For A Purpose, organizamos en conjunto con el Centro Educativo San Andr\u00e9s ubicado en la provincia de Santo Domingo, municipio de Boca Chica, una entrega de aud\u00edfonos a algunos de los ni\u00f1os y ni\u00f1as pertenecientes a este centro educativo, en total fueron atendidos 33 ni\u00f1os y ni\u00f1as de diferentes edades los cuales recibieron sus dispositivos de apoyo.<\/p>\n<p>[\/et_pb_text][et_pb_gallery gallery_ids=\u00bb901,903,899&#8243; fullwidth=\u00bbon\u00bb _builder_version=\u00bb4.19.1&#8243; _module_preset=\u00bbdefault\u00bb module_alignment=\u00bbcenter\u00bb hover_enabled=\u00bb0&#8243; global_colors_info=\u00bb{}\u00bb sticky_enabled=\u00bb0&#8243;][\/et_pb_gallery][\/et_pb_column][\/et_pb_row][\/et_pb_section][et_pb_section fb_built=\u00bb1&#8243; _builder_version=\u00bb4.19.1&#8243; _module_preset=\u00bbdefault\u00bb global_colors_info=\u00bb{}\u00bb global_module=\u00bb794&#8243; theme_builder_area=\u00bbpost_content\u00bb][et_pb_row _builder_version=\u00bb4.19.1&#8243; _module_preset=\u00bbdefault\u00bb global_colors_info=\u00bb{}\u00bb theme_builder_area=\u00bbpost_content\u00bb][et_pb_column type=\u00bb4_4&#8243; _builder_version=\u00bb4.19.1&#8243; _module_preset=\u00bbdefault\u00bb global_colors_info=\u00bb{}\u00bb theme_builder_area=\u00bbpost_content\u00bb][et_pb_post_nav prev_text=\u00bbAnterior\u00bb next_text=\u00bbSiguiente\u00bb _builder_version=\u00bb4.19.1&#8243; _module_preset=\u00bbdefault\u00bb global_colors_info=\u00bb{}\u00bb theme_builder_area=\u00bbpost_content\u00bb][\/et_pb_post_nav][\/et_pb_column][\/et_pb_row][\/et_pb_section]<\/p>\n","protected":false},"excerpt":{"rendered":"<p>Durante el mes de Octubre del a\u00f1o 2016, en coordinaci\u00f3n con uno de nuestros aliados la fundaci\u00f3n Hear For A Purpose, organizamos en conjunto con el Centro Educativo San Andr\u00e9s ubicado en la provincia de Santo Domingo, municipio de Boca Chica, una entrega de aud\u00edfonos a algunos de los ni\u00f1os y ni\u00f1as pertenecientes a este [&hellip;]<\/p>\n","protected":false},"author":2,"featured_media":899,"comment_status":"closed","ping_status":"closed","sticky":false,"template":"","format":"standard","meta":{"_et_pb_use_builder":"on","_et_pb_old_content":"","_et_gb_content_width":"","footnotes":""},"categories":[38],"tags":[],"class_list":["post-1433","post","type-post","status-publish","format-standard","has-post-thumbnail","hentry","category-operativo"],"jetpack_featured_media_url":"https:\/\/www.oirparavivir.com\/wp-content\/uploads\/2022\/11\/cuarto-operativo-3.jpg","_links":{"self":[{"href":"https:\/\/www.oirparavivir.com\/es\/wp-json\/wp\/v2\/posts\/1433","targetHints":{"allow":["GET"]}}],"collection":[{"href":"https:\/\/www.oirparavivir.com\/es\/wp-json\/wp\/v2\/posts"}],"about":[{"href":"https:\/\/www.oirparavivir.com\/es\/wp-json\/wp\/v2\/types\/post"}],"author":[{"embeddable":true,"href":"https:\/\/www.oirparavivir.com\/es\/wp-json\/wp\/v2\/users\/2"}],"replies":[{"embeddable":true,"href":"https:\/\/www.oirparavivir.com\/es\/wp-json\/wp\/v2\/comments?post=1433"}],"version-history":[{"count":3,"href":"https:\/\/www.oirparavivir.com\/es\/wp-json\/wp\/v2\/posts\/1433\/revisions"}],"predecessor-version":[{"id":1436,"href":"https:\/\/www.oirparavivir.com\/es\/wp-json\/wp\/v2\/posts\/1433\/revisions\/1436"}],"wp:featuredmedia":[{"embeddable":true,"href":"https:\/\/www.oirparavivir.com\/es\/wp-json\/wp\/v2\/media\/899"}],"wp:attachment":[{"href":"https:\/\/www.oirparavivir.com\/es\/wp-json\/wp\/v2\/media?parent=1433"}],"wp:term":[{"taxonomy":"category","embeddable":true,"href":"https:\/\/www.oirparavivir.com\/es\/wp-json\/wp\/v2\/categories?post=1433"},{"taxonomy":"post_tag","embeddable":true,"href":"https:\/\/www.oirparavivir.com\/es\/wp-json\/wp\/v2\/tags?post=1433"}],"curies":[{"name":"wp","href":"https:\/\/api.w.org\/{rel}","templated":true}]}}